{"id":57417,"date":"2023-03-20T20:54:50","date_gmt":"2023-03-20T23:54:50","guid":{"rendered":"https:\/\/vocesparalelas.com.ar\/sitio\/?p=57417"},"modified":"2023-03-22T00:28:59","modified_gmt":"2023-03-22T03:28:59","slug":"hacia-el-taller-experimental-de-tecnologias-constructivas-de-la-faud-de-la-unsj","status":"publish","type":"post","link":"https:\/\/vocesparalelas.com.ar\/sitio\/hacia-el-taller-experimental-de-tecnologias-constructivas-de-la-faud-de-la-unsj\/","title":{"rendered":"Hacia el Taller Experimental de Tecnolog\u00edas Constructivas de la FAUD de la UNSJ"},"content":{"rendered":"<p>El decano de la Facultad de Arquitectura, Urbanismo y Dise\u00f1o de la UNSJ, Arq. Guillermo Velasco junto a la intendenta de la Municipalidad de Caucete, Lic. Romina Rosas y el rector de la Universidad Nacional de San Juan, Mg. Ing. Tadeo Berenguer, firmaron un Acta Complementaria que sostiene el compromiso entre ambas instituciones.<\/p>\n<p>En este caso, acordaron el dictado del Taller Experimental de Tecnolog\u00edas Constructivas, en su primer tramo, que es \u201cOficial encofrador\u201d. Este nuevo curso se suma a los ya dictados en Caucete en el 2022 y a la Tecnicatura en Higiene y Seguridad que ya est\u00e1 implementada.<\/p>\n<p>El decano de la FAUD de la UNSJ, Arq. Guillermo Velasco puntualiz\u00f3 que \u00abcon el nuevo convenio buscamos la manera de colaborar con Caucete y lo logramos con esta pol\u00edtica que se impulsa, que es la de llegar desde la UNSJ, puntualmente desde la Facultad de Arquitectura, a personas que no pueden acceder a una formaci\u00f3n universitaria. Con estos oficios lo estamos logrando\u201d.<\/p>\n<p>Mientras que la intendenta de la Municipalidad de Caucete, Lic. Romina Rosas remarc\u00f3 que \u00abla importancia de la llegada de la FAUD al departamento, concretada en el 2022 y ampliando la oferta de 2023. Para los cauceteros se nos hab\u00eda tornado casi imposible que la UNSJ tuviera asiento en nuestro departamento. Nosotros comenzamos por plantear la importancia que los j\u00f3venes le dan a las universidades y logramos grandes cosas\u201d.<\/p>\n<p><span style=\"color: #008000;\"><strong>Detalles del nuevo Curso de Oficio<\/strong><\/span><\/p>\n<p>El curso tendr\u00e1 un total de 16 encuentros semanales con cinco horas por d\u00eda. El objetivo de la capacitaci\u00f3n es: comprender el manejo de los materiales y t\u00e9cnicas, normativa y reglas de arte, involucradas en el encofrado de elementos constructivos de diversa complejidad: columnas, muros armados, vigas, lozas, tabiques y otros, en las obras de construcci\u00f3n; aplicando normas de seguridad e higiene en la ejecuci\u00f3n de los trabajos y con conocimiento para calcular materiales\/costos involucrados, tiempo de desarrollo y honorarios a cobrar por esas tareas.<\/p>\n<p><span style=\"color: #008000;\"><strong>Adenda por la Tecnicatura Universitaria en Higiene y Seguridad Laboral<\/strong><\/span><\/p>\n<p>Adem\u00e1s, de sumar capacitaciones, el municipio y la FAUD renovaron el compromiso sobre la Tecnicatura Universitaria en Higiene y Seguridad Laboral en la Industria de la Construcci\u00f3n. A trav\u00e9s de este acuerdo, m\u00e1s de 600 alumnos podr\u00e1n seguir el cursado del segundo semestre de la carrera. En ese sentido, las autoridades resaltaron el compromiso de la UNSJ y la posibilidad de que la universidad llegue a cada vez m\u00e1s lugares.<\/p>\n<p><img loading=\"lazy\" decoding=\"async\" class=\"alignnone size-full wp-image-43789\" src=\"https:\/\/vocesparalelas.com.ar\/sitio\/wp-content\/uploads\/2021\/11\/FAUD-LOGO-NUEVO.jpg\" alt=\"\" width=\"800\" height=\"533\" srcset=\"https:\/\/vocesparalelas.com.ar\/sitio\/wp-content\/uploads\/2021\/11\/FAUD-LOGO-NUEVO.jpg 800w, https:\/\/vocesparalelas.com.ar\/sitio\/wp-content\/uploads\/2021\/11\/FAUD-LOGO-NUEVO-300x200.jpg 300w, https:\/\/vocesparalelas.com.ar\/sitio\/wp-content\/uploads\/2021\/11\/FAUD-LOGO-NUEVO-768x512.jpg 768w\" sizes=\"auto, (max-width: 800px) 100vw, 800px\" \/><\/p>\n","protected":false},"excerpt":{"rendered":"<p>El decano de la Facultad de Arquitectura, Urbanismo y Dise\u00f1o de la UNSJ, Arq. Guillermo Velasco junto a la intendenta<\/p>\n","protected":false},"author":3,"featured_media":57420,"comment_status":"closed","ping_status":"closed","sticky":false,"template":"","format":"standard","meta":{"_acf_changed":false,"_seopress_robots_primary_cat":"none","_seopress_titles_title":"","_seopress_titles_desc":"","_seopress_robots_index":"","colormag_page_container_layout":"default_layout","colormag_page_sidebar_layout":"default_layout","footnotes":""},"categories":[9],"tags":[],"class_list":["post-57417","post","type-post","status-publish","format-standard","has-post-thumbnail","hentry","category-cursos"],"acf":[],"_links":{"self":[{"href":"https:\/\/vocesparalelas.com.ar\/sitio\/wp-json\/wp\/v2\/posts\/57417","targetHints":{"allow":["GET"]}}],"collection":[{"href":"https:\/\/vocesparalelas.com.ar\/sitio\/wp-json\/wp\/v2\/posts"}],"about":[{"href":"https:\/\/vocesparalelas.com.ar\/sitio\/wp-json\/wp\/v2\/types\/post"}],"author":[{"embeddable":true,"href":"https:\/\/vocesparalelas.com.ar\/sitio\/wp-json\/wp\/v2\/users\/3"}],"replies":[{"embeddable":true,"href":"https:\/\/vocesparalelas.com.ar\/sitio\/wp-json\/wp\/v2\/comments?post=57417"}],"version-history":[{"count":1,"href":"https:\/\/vocesparalelas.com.ar\/sitio\/wp-json\/wp\/v2\/posts\/57417\/revisions"}],"predecessor-version":[{"id":57421,"href":"https:\/\/vocesparalelas.com.ar\/sitio\/wp-json\/wp\/v2\/posts\/57417\/revisions\/57421"}],"wp:featuredmedia":[{"embeddable":true,"href":"https:\/\/vocesparalelas.com.ar\/sitio\/wp-json\/wp\/v2\/media\/57420"}],"wp:attachment":[{"href":"https:\/\/vocesparalelas.com.ar\/sitio\/wp-json\/wp\/v2\/media?parent=57417"}],"wp:term":[{"taxonomy":"category","embeddable":true,"href":"https:\/\/vocesparalelas.com.ar\/sitio\/wp-json\/wp\/v2\/categories?post=57417"},{"taxonomy":"post_tag","embeddable":true,"href":"https:\/\/vocesparalelas.com.ar\/sitio\/wp-json\/wp\/v2\/tags?post=57417"}],"curies":[{"name":"wp","href":"https:\/\/api.w.org\/{rel}","templated":true}]}}