{"id":57346,"date":"2023-03-17T19:17:28","date_gmt":"2023-03-17T22:17:28","guid":{"rendered":"https:\/\/vocesparalelas.com.ar\/sitio\/?p=57346"},"modified":"2023-03-19T21:04:20","modified_gmt":"2023-03-20T00:04:20","slug":"los-cuatro-gobernadores-asesinados-en-territorio-sanjuanino","status":"publish","type":"post","link":"https:\/\/vocesparalelas.com.ar\/sitio\/los-cuatro-gobernadores-asesinados-en-territorio-sanjuanino\/","title":{"rendered":"\u201cLos cuatro Gobernadores asesinados en territorio Sanjuanino\u201d"},"content":{"rendered":"<p>Un record para no recodarlo en la Provincia de San Juan.<\/p>\n<p>Por el\u00a0Lic. Prof. Fernando A. Ocampo Bravo<\/p>\n<p>Los asesinatos pol\u00edticos en San Juan, con llevo la muerte de cuatro Gobernadores en ejercicio del poder ejecutivo de la Provincia, ellos son; El General Nazario Benav\u00eddez y los ex gobernadores Jos\u00e9 Antonio Virasoro, Antonino Aberastain y Amable Jones, fueron brutalmente asesinados. Sus historias de muerte son las siguientes:<\/p>\n<ul>\n<li><strong><u>Gobernador Nazario Benavidez<\/u><\/strong>. Fallece asesinado el 23 de Octubre de 1858. El por entonces prisionero Nazario Benav\u00eddez, quien fuera en 4 oportunidades gobernador de la Provincia de San Juan desde 1836, hab\u00eda tenido su \u00faltimo mandato entre el 18 de marzo de 1857 y el mes de abril del mismo a\u00f1o. Hacia la noche del 23 de octubre los benavidistas que segu\u00edan fervientemente al caudillo ganaron posiciones en la carcel, en busca de liberar a su l\u00edder, logrando parcialmente su cometido ya que aunque no fue esto una sorpresa para las fuerzas penitenciarias, no lograron frenar el primer objetivo. Cuando emprenden la huida junto a varias decenas de presos tambi\u00e9n liberados, fue el coronel Domingo Rodr\u00edguez que se topa con Benav\u00eddez, el cual a\u00fan continuaba con el grillete en los tobillos y lo ultima dispar\u00e1ndole en el pecho a quemarropa, para no satisfecho con esto, termina el asesinato enterr\u00e1ndole la bayoneta en el coraz\u00f3n. Cuentan que lo arrojaron por la ventana y su cuerpo fue v\u00edctima de varias vejaciones, como lo relata el diario \u00abEl Nacional\u00bb de Buenos Aires: \u00abEl general Benavidez medio muerto fue enseguida arrastrado con sus grillos y casi desnudo precipitado desde los altos del Cabildo a la balaustrada de la plaza donde algunos oficiales se complacieron en te\u00f1ir sus espadas con su sangre atravesando repetidas veces el cad\u00e1ver, profan\u00e1ndolo, hasta escupirle y pisotearlo&#8230;\u00bb Luego la provincia ser\u00eda intervenida, llegar\u00eda Derqui para tal caso, que luego tomar\u00eda carrera para llegar a la presidencia a\u00f1os m\u00e1s tarde el 5 de marzo de 1860. El lugar del hecho donde qued\u00f3 el cuerpo de Benav\u00eddez es el m\u00edsmisimo punto donde hoy se levanta la fuente en la Plaza 25 de mayo de la ciudad de San Juan.<\/li>\n<\/ul>\n<p>Por la preponderancia de este caudillo sanjuanino, no tenemos ni un departamento con su nombre; tenemos la calle y el canal Benavidez que es la frontera natural entre los departamentos de Capital y Chimbas, propongo dar el nombre de un departamento nuevo, que se haga en el futuro del General Benavidez, a este h\u00e9roe Sanjuanino.<\/p>\n<ul>\n<li><strong><u>Gobernador Jos\u00e9 Antonio Virasoro<\/u><\/strong>. Fue asesinado en 1860. Oficial militar durante la \u00e9poca de Rosas. Gobernador de la provincia de San Juan. Naci\u00f3 en Corrientes, hijo del piloto cosm\u00f3grafo espa\u00f1ol Juan Ascencio Virasoro y de la correntina Do\u00f1a Mercedes Corrales; se uni\u00f3 a los unitarios a las \u00f3rdenes del general Paz; luch\u00f3 en Caaguaz\u00fa y en otras batallas; m\u00e1s tarde se uni\u00f3 a las fuerzas federales; combati\u00f3 a las ordenes de Urquiza desde 1843 -inclusive en la derrota de Rosas en Caseros en 1852-, comandando las fuerzas de Corrientes en esta batalla; en 1857 Urquiza lo nombr\u00f3 coronel en el ej\u00e9rcito de la Confederaci\u00f3n; como consecuencia del asesinato del general Nazario Benavides en la sublevaci\u00f3n de San Juan. Virasoro fue enviado como interventor y luego designado gobernador interino de esa provincia en 1859. Su impopular nombramiento origin\u00f3 una nueva revoluci\u00f3n en San Juan, conducida por Antonio Aberastain. Mitre, gobernador de Buenos Aires, el presidente Derqui de la Confederaci\u00f3n y Urquiza se reunieron en San Jos\u00e9 para tomar una decisi\u00f3n; en el momento en que se pon\u00edan de acuerdo en sugerir a Virasoro que considerara su renuncia en beneficio de los intereses de la paz nacional. Virasoro y muchos otros integrantes de su familia fueron asesinados en su casa el 16 de noviembre de 1860. Aberastain tom\u00f3 el poder pero fue sustituido por Juan Sa\u00e1 y m\u00e1s tarde ejecutado.<\/li>\n<\/ul>\n<ul>\n<li><strong><u>Gobernador Antonino Aberastain<\/u><\/strong>. El gobierno instalado interinamente en San Juan despu\u00e9s de la muerte de Virasoro, al frente del cual estaba Antonino Aberastain, envi\u00f3 una delegaci\u00f3n para recibir al interventor nacional e invitarle a entrar en la capital sin fuerzas armadas para comprobar la legalidad o ilegalidad de las autoridades provisorias. En un relato del agente Thorton enviado a Russel. El Foreign Office dice que Aberastain \u201cfue obligado a ir a pie, sin calzado ni calcetines, sobre un terreno muy escabroso y despu\u00e9s de andar tres leguas pidi\u00f3 un caballo o que le mataran en el acto. El oficial que estaba a cargo resolvi\u00f3 hacer lo \u00faltimo. La orden se cumpli\u00f3 inmediatamente. De un empuj\u00f3n hicieron arrodillar a Aberastain. Pretendieron vendarle los ojos. El fusilamiento del Gobernador sanjuanino repercute en el gobierno, ya que figuras de peso pol\u00edtico repudian el hecho, entre ellos Justo Jos\u00e9 de Urquiza y Domingo Faustino Sarmiento (quien era amigo \u00edntimo del fallecido Aberastain) Las disputas recrudecer\u00e1n hasta llevar a la denominada Batalla de Pav\u00f3n, con la consecuente unificaci\u00f3n del pa\u00eds. La heroica lucha de Aberastain ser\u00e1 tenida en cuenta luego, para la reafirmaci\u00f3n de las autonom\u00edas provinciales como pilar fundamental para el federalismo.<\/li>\n<\/ul>\n<ul>\n<li><strong><u>Gobernador Amable Jones<\/u><\/strong>. El 20 de noviembre de 1921 un grupo de descolgados de la U.C.R, vinculado a los hermanos Federico y Aldo Cantoni, asesin\u00f3 al gobernador Dr. Jones en el camino a La Rinconada, en el actual departamento de Pocito. Siendo asesinado en un atentado con connotaciones mafiosas. Se atribuy\u00f3 su autor\u00eda a Federico Cantoni que fue detenido y estuvo a punto de ser linchado. Otros historiadores se\u00f1alaron a la organizaci\u00f3n paramilitar Clan Radical, perteneciente Radical-Yrigoyenista, que existi\u00f3 en la Argentina entre 1929 y 1930, conocida principalmente por realizar atentados contra organizaciones y figuras contrarias al gobierno de Hip\u00f3lito Yrigoyen. Seg\u00fan escribe el periodista Luis E. Meglioli, ese 20 de noviembre ca\u00eda domingo y Jones resolvi\u00f3 dirigirse sobre el medio d\u00eda al departamento Pocito, a unos 15 Km de la Capital, para inspeccionar obras hidr\u00e1ulicas. Invit\u00f3 para que lo acompa\u00f1ara, a un importante bodeguero, Juan Meglioli, identificado adem\u00e1s en el \u00e1mbito comunitario como miembro de instituciones sociales de la \u00e9poca. \u00a0Antes de llegar a destino, en la zona de la Rinconada, el auto en que se trasladaban fue acribillado a balazos. Tambi\u00e9n escribi\u00f3 otro historiador y escritor, C\u00e9sar H. Guerrero, en su \u201cEfem\u00e9rides sanjuaninas\u201d, luego del asesinato los homicidas \u201cprofanaron el cuerpo ex\u00e1nime de Jones cercen\u00e1ndole una oreja y d\u00e1ndole el tiro de gracia con una bomba de mano que le abre una profunda brecha en un costado de su cuerpo.\u201d Los restos de Jones, por haber sido gobernador electo, se encuentran en el Pante\u00f3n Provincial del Cementerio de la Capital en San Juan.<\/li>\n<\/ul>\n<p>Todos estos magnicidios acaecidos en San Juan, fueron hechos pol\u00edticos en su base y repercutieron en la sociedad de San Juan, hoy por hoy en San Juan, tiene una democracia robusta y federal, estas cosas no deber\u00edan pasar en la sociedad, los revanchismos personales y ambiciones desmedidas, revelan el actuar irracional humano, esto lo entendemos que fue hace d\u00e9cadas atr\u00e1s, la historia la escriben los vencedores, siempre, el \u00fanico que gano ac\u00e1, es que estos cuatro hombres Gobernadores de San Juan, pasaran a la historia, por estos acontecimientos macabros y deleznables hecho a sus vidas.<\/p>\n<p>&nbsp;<\/p>\n<p>&nbsp;<\/p>\n<p>&nbsp;<\/p>\n","protected":false},"excerpt":{"rendered":"<p>Un record para no recodarlo en la Provincia de San Juan. Por el\u00a0Lic. Prof. Fernando A. Ocampo Bravo Los asesinatos<\/p>\n","protected":false},"author":3,"featured_media":57349,"comment_status":"closed","ping_status":"closed","sticky":false,"template":"","format":"standard","meta":{"_acf_changed":false,"_seopress_robots_primary_cat":"none","_seopress_titles_title":"","_seopress_titles_desc":"","_seopress_robots_index":"","colormag_page_container_layout":"default_layout","colormag_page_sidebar_layout":"default_layout","footnotes":""},"categories":[10],"tags":[],"class_list":["post-57346","post","type-post","status-publish","format-standard","has-post-thumbnail","hentry","category-opiniones"],"acf":[],"_links":{"self":[{"href":"https:\/\/vocesparalelas.com.ar\/sitio\/wp-json\/wp\/v2\/posts\/57346","targetHints":{"allow":["GET"]}}],"collection":[{"href":"https:\/\/vocesparalelas.com.ar\/sitio\/wp-json\/wp\/v2\/posts"}],"about":[{"href":"https:\/\/vocesparalelas.com.ar\/sitio\/wp-json\/wp\/v2\/types\/post"}],"author":[{"embeddable":true,"href":"https:\/\/vocesparalelas.com.ar\/sitio\/wp-json\/wp\/v2\/users\/3"}],"replies":[{"embeddable":true,"href":"https:\/\/vocesparalelas.com.ar\/sitio\/wp-json\/wp\/v2\/comments?post=57346"}],"version-history":[{"count":1,"href":"https:\/\/vocesparalelas.com.ar\/sitio\/wp-json\/wp\/v2\/posts\/57346\/revisions"}],"predecessor-version":[{"id":57350,"href":"https:\/\/vocesparalelas.com.ar\/sitio\/wp-json\/wp\/v2\/posts\/57346\/revisions\/57350"}],"wp:featuredmedia":[{"embeddable":true,"href":"https:\/\/vocesparalelas.com.ar\/sitio\/wp-json\/wp\/v2\/media\/57349"}],"wp:attachment":[{"href":"https:\/\/vocesparalelas.com.ar\/sitio\/wp-json\/wp\/v2\/media?parent=57346"}],"wp:term":[{"taxonomy":"category","embeddable":true,"href":"https:\/\/vocesparalelas.com.ar\/sitio\/wp-json\/wp\/v2\/categories?post=57346"},{"taxonomy":"post_tag","embeddable":true,"href":"https:\/\/vocesparalelas.com.ar\/sitio\/wp-json\/wp\/v2\/tags?post=57346"}],"curies":[{"name":"wp","href":"https:\/\/api.w.org\/{rel}","templated":true}]}}