{"id":57281,"date":"2023-03-16T21:53:52","date_gmt":"2023-03-17T00:53:52","guid":{"rendered":"https:\/\/vocesparalelas.com.ar\/sitio\/?p=57281"},"modified":"2023-03-17T22:40:52","modified_gmt":"2023-03-18T01:40:52","slug":"inscripcion-complementaria-para-interinatos-y-suplencias-2023-en-la-junta-primaria-de-san-juan","status":"publish","type":"post","link":"https:\/\/vocesparalelas.com.ar\/sitio\/inscripcion-complementaria-para-interinatos-y-suplencias-2023-en-la-junta-primaria-de-san-juan\/","title":{"rendered":"Inscripci\u00f3n complementaria para Interinatos y Suplencias 2023 en la Junta Primaria de San Juan"},"content":{"rendered":"<p>La Junta de Clasificaci\u00f3n Docente Rama Primaria del Ministerio de Educaci\u00f3n del Gobierno de San Juan, por Resoluci\u00f3n N\u00ba 1037-ME-2023 convoca a inscripci\u00f3n complementaria a Interinatos y Suplencias 2023 por Antecedentes y M\u00e9ritos a los docentes que obtuvieron su t\u00edtulo con posterioridad a la inscripci\u00f3n realizada en Junio de 2022 y hasta el 31 de Marzo de 2023, y los aspirantes que prueben fehacientemente haber estado fuera de la provincia de San Juan en la fecha de inscripci\u00f3n mencionada y que re\u00fanan los requisitos exigidos por la normativa legal vigente.<\/p>\n<p>La convocatoria es para cubrir cargos interinos y suplentes en todas las especialidades del primer grado del escalaf\u00f3n docente. La solicitud comienza el 21 de Marzo hasta el 9 de Abril de 2023.<\/p>\n<p>Al momento de la inscripci\u00f3n, los docentes deben acreditar su documentaci\u00f3n en una carpeta tipo bibliorato oficio, lomo angosto.<\/p>\n<p><span style=\"color: #008000;\"><strong>Documentaci\u00f3n a presentar:<\/strong><\/span><\/p>\n<ul>\n<li>Constancia de turno.<\/li>\n<li>DNI y fotocopia del DNI cara y reverso legalizada.<\/li>\n<li>Declaraci\u00f3n Jurada de Cargos, firmada por el docente y\/o la autoridad competente en Educaci\u00f3n Privada, u otros Organismos p\u00fablicos.<\/li>\n<li>Copia legalizada del o los t\u00edtulos registrado\/s por la Oficina de T\u00edtulos y Legalizaciones o Certificado de Titulo en tr\u00e1mite o certificado donde conste de que ha aprobado y culminado la carrera respectiva, en la cual debe constar promedio general de la carrera y fecha de egreso, debidamente rubricado por la Instituci\u00f3n que lo otorga.<\/li>\n<li>Copia de los certificados legalizados por la Oficina precitada y fotocopias de constancias de su actuaci\u00f3n profesional hasta el 09 de abril del 2023 legalizada por la autoridad superior.<\/li>\n<\/ul>\n<p>Con documentaci\u00f3n completa deben acudir en la fecha y horario consignado por turno a la sede de la Junta Primaria, Tucum\u00e1n 75 &#8211; N -, Capital.<\/p>\n","protected":false},"excerpt":{"rendered":"<p>La Junta de Clasificaci\u00f3n Docente Rama Primaria del Ministerio de Educaci\u00f3n del Gobierno de San Juan, por Resoluci\u00f3n N\u00ba 1037-ME-2023<\/p>\n","protected":false},"author":3,"featured_media":5000,"comment_status":"closed","ping_status":"closed","sticky":false,"template":"","format":"standard","meta":{"_acf_changed":false,"_seopress_robots_primary_cat":"none","_seopress_titles_title":"","_seopress_titles_desc":"","_seopress_robots_index":"","colormag_page_container_layout":"default_layout","colormag_page_sidebar_layout":"default_layout","footnotes":""},"categories":[5],"tags":[],"class_list":["post-57281","post","type-post","status-publish","format-standard","has-post-thumbnail","hentry","category-ofrecimientos"],"acf":[],"_links":{"self":[{"href":"https:\/\/vocesparalelas.com.ar\/sitio\/wp-json\/wp\/v2\/posts\/57281","targetHints":{"allow":["GET"]}}],"collection":[{"href":"https:\/\/vocesparalelas.com.ar\/sitio\/wp-json\/wp\/v2\/posts"}],"about":[{"href":"https:\/\/vocesparalelas.com.ar\/sitio\/wp-json\/wp\/v2\/types\/post"}],"author":[{"embeddable":true,"href":"https:\/\/vocesparalelas.com.ar\/sitio\/wp-json\/wp\/v2\/users\/3"}],"replies":[{"embeddable":true,"href":"https:\/\/vocesparalelas.com.ar\/sitio\/wp-json\/wp\/v2\/comments?post=57281"}],"version-history":[{"count":1,"href":"https:\/\/vocesparalelas.com.ar\/sitio\/wp-json\/wp\/v2\/posts\/57281\/revisions"}],"predecessor-version":[{"id":57284,"href":"https:\/\/vocesparalelas.com.ar\/sitio\/wp-json\/wp\/v2\/posts\/57281\/revisions\/57284"}],"wp:featuredmedia":[{"embeddable":true,"href":"https:\/\/vocesparalelas.com.ar\/sitio\/wp-json\/wp\/v2\/media\/5000"}],"wp:attachment":[{"href":"https:\/\/vocesparalelas.com.ar\/sitio\/wp-json\/wp\/v2\/media?parent=57281"}],"wp:term":[{"taxonomy":"category","embeddable":true,"href":"https:\/\/vocesparalelas.com.ar\/sitio\/wp-json\/wp\/v2\/categories?post=57281"},{"taxonomy":"post_tag","embeddable":true,"href":"https:\/\/vocesparalelas.com.ar\/sitio\/wp-json\/wp\/v2\/tags?post=57281"}],"curies":[{"name":"wp","href":"https:\/\/api.w.org\/{rel}","templated":true}]}}