{"id":57249,"date":"2023-03-16T10:18:12","date_gmt":"2023-03-16T13:18:12","guid":{"rendered":"https:\/\/vocesparalelas.com.ar\/sitio\/?p=57249"},"modified":"2023-03-20T22:30:12","modified_gmt":"2023-03-21T01:30:12","slug":"charla-debate-dia-de-la-verdad-memoria-y-justicia-en-la-ffha-de-la-unsj","status":"publish","type":"post","link":"https:\/\/vocesparalelas.com.ar\/sitio\/charla-debate-dia-de-la-verdad-memoria-y-justicia-en-la-ffha-de-la-unsj\/","title":{"rendered":"Charla Debate D\u00eda de la Verdad, Memoria y Justicia en la FFHA de la UNSJ"},"content":{"rendered":"<p>El Lunes, 20 de Marzo, a las 19 hs.; en la sala de audio y video de la FFHA de la UNSJ se desarrolla la Charla Debate D\u00eda de la Verdad, Memoria y Justicia.<\/p>\n<p>La actividad es gratuita y destinada al p\u00fablico en general<\/p>\n<p><span style=\"color: #008000;\"><strong>Expositores<\/strong><\/span><\/p>\n<ul>\n<li>Gustavo Carrizo: \u00abDe testimonios y l\u00e1grimas&#8217;<\/li>\n<li>Daniel Gil: \u00abCine Argentino: entre la dictadura y la democracia<\/li>\n<li>Clarisa Botto: \u00abArchivo de la Memoria:\u00bb Pol\u00edtica de Estado\u00bb<\/li>\n<\/ul>\n<p><span style=\"color: #008000;\"><strong>Moderador<\/strong><\/span><\/p>\n<p>Dar\u00edo L\u00f3pez<\/p>\n<p><img loading=\"lazy\" decoding=\"async\" class=\"alignnone size-full wp-image-57252\" src=\"https:\/\/vocesparalelas.com.ar\/sitio\/wp-content\/uploads\/2023\/03\/NUNCA-MAS.jpg\" alt=\"\" width=\"800\" height=\"482\" srcset=\"https:\/\/vocesparalelas.com.ar\/sitio\/wp-content\/uploads\/2023\/03\/NUNCA-MAS.jpg 800w, https:\/\/vocesparalelas.com.ar\/sitio\/wp-content\/uploads\/2023\/03\/NUNCA-MAS-300x181.jpg 300w, https:\/\/vocesparalelas.com.ar\/sitio\/wp-content\/uploads\/2023\/03\/NUNCA-MAS-768x463.jpg 768w\" sizes=\"auto, (max-width: 800px) 100vw, 800px\" \/><\/p>\n<p>Por ello, Voces Paralelas desarroll\u00f3 una entrevista period\u00edstica al Vicedecano de la FFHA de la UNSJ, Prof. Marcelo Vazquez, quien describi\u00f3 el sentido de la charla debate que se realiza en la Unidad Acad\u00e9mica.<\/p>\n<p><iframe loading=\"lazy\" title=\"FFHA UNSJ VICEDECANO PROF MARCELO VAZQUEZ\" width=\"800\" height=\"450\" src=\"https:\/\/www.youtube.com\/embed\/OXqLmzS-u3o?feature=oembed\" frameborder=\"0\" allow=\"accelerometer; autoplay; clipboard-write; encrypted-media; gyroscope; picture-in-picture; web-share\" allowfullscreen><\/iframe><\/p>\n<p>&nbsp;<\/p>\n<p><img loading=\"lazy\" decoding=\"async\" class=\"alignnone size-large wp-image-43889\" src=\"https:\/\/vocesparalelas.com.ar\/sitio\/wp-content\/uploads\/2021\/11\/FFHA-FRENTE-1-800x600.jpg\" alt=\"\" width=\"800\" height=\"600\" srcset=\"https:\/\/vocesparalelas.com.ar\/sitio\/wp-content\/uploads\/2021\/11\/FFHA-FRENTE-1-800x600.jpg 800w, https:\/\/vocesparalelas.com.ar\/sitio\/wp-content\/uploads\/2021\/11\/FFHA-FRENTE-1-300x225.jpg 300w, https:\/\/vocesparalelas.com.ar\/sitio\/wp-content\/uploads\/2021\/11\/FFHA-FRENTE-1-768x576.jpg 768w, https:\/\/vocesparalelas.com.ar\/sitio\/wp-content\/uploads\/2021\/11\/FFHA-FRENTE-1.jpg 1024w\" sizes=\"auto, (max-width: 800px) 100vw, 800px\" \/><\/p>\n","protected":false},"excerpt":{"rendered":"<p>El Lunes, 20 de Marzo, a las 19 hs.; en la sala de audio y video de la FFHA de<\/p>\n","protected":false},"author":3,"featured_media":57409,"comment_status":"closed","ping_status":"closed","sticky":false,"template":"","format":"video","meta":{"_acf_changed":false,"_seopress_robots_primary_cat":"none","_seopress_titles_title":"","_seopress_titles_desc":"","_seopress_robots_index":"","colormag_page_container_layout":"default_layout","colormag_page_sidebar_layout":"default_layout","footnotes":""},"categories":[1,7],"tags":[],"class_list":["post-57249","post","type-post","status-publish","format-video","has-post-thumbnail","hentry","category-destacadas","category-videos","post_format-post-format-video"],"acf":[],"_links":{"self":[{"href":"https:\/\/vocesparalelas.com.ar\/sitio\/wp-json\/wp\/v2\/posts\/57249","targetHints":{"allow":["GET"]}}],"collection":[{"href":"https:\/\/vocesparalelas.com.ar\/sitio\/wp-json\/wp\/v2\/posts"}],"about":[{"href":"https:\/\/vocesparalelas.com.ar\/sitio\/wp-json\/wp\/v2\/types\/post"}],"author":[{"embeddable":true,"href":"https:\/\/vocesparalelas.com.ar\/sitio\/wp-json\/wp\/v2\/users\/3"}],"replies":[{"embeddable":true,"href":"https:\/\/vocesparalelas.com.ar\/sitio\/wp-json\/wp\/v2\/comments?post=57249"}],"version-history":[{"count":5,"href":"https:\/\/vocesparalelas.com.ar\/sitio\/wp-json\/wp\/v2\/posts\/57249\/revisions"}],"predecessor-version":[{"id":57410,"href":"https:\/\/vocesparalelas.com.ar\/sitio\/wp-json\/wp\/v2\/posts\/57249\/revisions\/57410"}],"wp:featuredmedia":[{"embeddable":true,"href":"https:\/\/vocesparalelas.com.ar\/sitio\/wp-json\/wp\/v2\/media\/57409"}],"wp:attachment":[{"href":"https:\/\/vocesparalelas.com.ar\/sitio\/wp-json\/wp\/v2\/media?parent=57249"}],"wp:term":[{"taxonomy":"category","embeddable":true,"href":"https:\/\/vocesparalelas.com.ar\/sitio\/wp-json\/wp\/v2\/categories?post=57249"},{"taxonomy":"post_tag","embeddable":true,"href":"https:\/\/vocesparalelas.com.ar\/sitio\/wp-json\/wp\/v2\/tags?post=57249"}],"curies":[{"name":"wp","href":"https:\/\/api.w.org\/{rel}","templated":true}]}}