{"id":57221,"date":"2023-03-14T21:43:54","date_gmt":"2023-03-15T00:43:54","guid":{"rendered":"https:\/\/vocesparalelas.com.ar\/sitio\/?p=57221"},"modified":"2023-03-15T23:12:02","modified_gmt":"2023-03-16T02:12:02","slug":"se-amplio-los-beneficios-de-los-cursos-profesionales-de-la-faud-de-la-unsj-en-el-departamento-iglesia","status":"publish","type":"post","link":"https:\/\/vocesparalelas.com.ar\/sitio\/se-amplio-los-beneficios-de-los-cursos-profesionales-de-la-faud-de-la-unsj-en-el-departamento-iglesia\/","title":{"rendered":"Se ampli\u00f3 los beneficios de los Cursos profesionales de la FAUD de la UNSJ en el Departamento Iglesia"},"content":{"rendered":"<p>El decano de la Facultad de Arquitectura, Urbanismo y Dise\u00f1o de la Universidad Nacional de San Juan, Arq. Guillermo Velasco junto con el intendente de la Municipalidad de Iglesia, Dr. Jorge Espejo ratificaron la relaci\u00f3n acad\u00e9mica que tienen ambas instituciones con la firma de un nuevo convenio, con el objetivo de implementar el Curso \u00abOficial en Pintura\u00bb, que permite a los estudiantes manejen diferentes t\u00e9cnicas y materiales..<\/p>\n<p>Acompa\u00f1ados de autoridades de la FAUD, el decano y el jefe comunal firmaron un acta para dictar un nuevo curso profesional en Iglesia. Durante el 2022, se dict\u00f3 yeser\u00eda y en el 2023 se dicta \u201cOficial en Pintura\u201d.<\/p>\n<p>El objetivo es que los iglesianos puedan aprender el manejo de materiales y t\u00e9cnicas para ejecutar tareas relacionadas a las diferentes aplicaciones de pinturas y revestimientos pl\u00e1sticos texturados en la obras: paredes, cielorrasos, carpinter\u00edas, etc., aplicando normas de seguridad e higiene en la ejecuci\u00f3n de los trabajos y con conocimiento para calcular materiales\/costos involucrados, tiempo de desarrollo y honorarios a cobrar por esas tareas.<\/p>\n<p>Al respecto, decano de la FAUD de la UNSJ, Arq. Guillermo Velasco destac\u00f3 que \u00abla importancia de la universidad p\u00fablica llegue a los departamentos alejados. En este tipo de departamentos es muy dif\u00edcil acceder a un curso de educaci\u00f3n superior y es muy importante que la poblaci\u00f3n de zonas alejadas de San Juan, tenga acceso a mejorar su calidad de vida\u00bb.<\/p>\n<p>Por su parte, el intendente de la Municipalidad de Iglesia, Dr. Jorge Espejo puntualiz\u00f3 que \u00abagradezco a la UNSJ poder seguir dejando este tipo de conocimientos. Recibir y llegue la UNSJ al departamento significa much\u00edsimo porque no hay que olvidar que estamos a 200 kil\u00f3metros de la Capital\u00bb.<\/p>\n<p><span style=\"color: #008000;\"><strong>Una adenda sobre la Tecnicatura en Higiene y Seguridad<\/strong><\/span><\/p>\n<p><strong>\u00a0<\/strong>Ambas autoridades tambi\u00e9n suscribieron una adenda al Acta Complementaria firmada oportunamente para darle continuidad a la\u00a0\u00a0Tecnicatura en Higiene y Seguridad en la Industria de la Construcci\u00f3n. En este marco, plantearon la importancia de que la educaci\u00f3n formal sea accesible en departamentos alejados como Iglesia. Ya respondieron muy bien a esta tecnicatura, de hecho hoy por hoy existen 50 estudiantes en segundo a\u00f1o.<\/p>\n<p><img loading=\"lazy\" decoding=\"async\" class=\"alignnone size-full wp-image-43789\" src=\"https:\/\/vocesparalelas.com.ar\/sitio\/wp-content\/uploads\/2021\/11\/FAUD-LOGO-NUEVO.jpg\" alt=\"\" width=\"800\" height=\"533\" srcset=\"https:\/\/vocesparalelas.com.ar\/sitio\/wp-content\/uploads\/2021\/11\/FAUD-LOGO-NUEVO.jpg 800w, https:\/\/vocesparalelas.com.ar\/sitio\/wp-content\/uploads\/2021\/11\/FAUD-LOGO-NUEVO-300x200.jpg 300w, https:\/\/vocesparalelas.com.ar\/sitio\/wp-content\/uploads\/2021\/11\/FAUD-LOGO-NUEVO-768x512.jpg 768w\" sizes=\"auto, (max-width: 800px) 100vw, 800px\" \/><\/p>\n","protected":false},"excerpt":{"rendered":"<p>El decano de la Facultad de Arquitectura, Urbanismo y Dise\u00f1o de la Universidad Nacional de San Juan, Arq. Guillermo Velasco<\/p>\n","protected":false},"author":3,"featured_media":57224,"comment_status":"closed","ping_status":"closed","sticky":false,"template":"","format":"standard","meta":{"_acf_changed":false,"_seopress_robots_primary_cat":"none","_seopress_titles_title":"","_seopress_titles_desc":"","_seopress_robots_index":"","colormag_page_container_layout":"default_layout","colormag_page_sidebar_layout":"default_layout","footnotes":""},"categories":[9],"tags":[],"class_list":["post-57221","post","type-post","status-publish","format-standard","has-post-thumbnail","hentry","category-cursos"],"acf":[],"_links":{"self":[{"href":"https:\/\/vocesparalelas.com.ar\/sitio\/wp-json\/wp\/v2\/posts\/57221","targetHints":{"allow":["GET"]}}],"collection":[{"href":"https:\/\/vocesparalelas.com.ar\/sitio\/wp-json\/wp\/v2\/posts"}],"about":[{"href":"https:\/\/vocesparalelas.com.ar\/sitio\/wp-json\/wp\/v2\/types\/post"}],"author":[{"embeddable":true,"href":"https:\/\/vocesparalelas.com.ar\/sitio\/wp-json\/wp\/v2\/users\/3"}],"replies":[{"embeddable":true,"href":"https:\/\/vocesparalelas.com.ar\/sitio\/wp-json\/wp\/v2\/comments?post=57221"}],"version-history":[{"count":2,"href":"https:\/\/vocesparalelas.com.ar\/sitio\/wp-json\/wp\/v2\/posts\/57221\/revisions"}],"predecessor-version":[{"id":57226,"href":"https:\/\/vocesparalelas.com.ar\/sitio\/wp-json\/wp\/v2\/posts\/57221\/revisions\/57226"}],"wp:featuredmedia":[{"embeddable":true,"href":"https:\/\/vocesparalelas.com.ar\/sitio\/wp-json\/wp\/v2\/media\/57224"}],"wp:attachment":[{"href":"https:\/\/vocesparalelas.com.ar\/sitio\/wp-json\/wp\/v2\/media?parent=57221"}],"wp:term":[{"taxonomy":"category","embeddable":true,"href":"https:\/\/vocesparalelas.com.ar\/sitio\/wp-json\/wp\/v2\/categories?post=57221"},{"taxonomy":"post_tag","embeddable":true,"href":"https:\/\/vocesparalelas.com.ar\/sitio\/wp-json\/wp\/v2\/tags?post=57221"}],"curies":[{"name":"wp","href":"https:\/\/api.w.org\/{rel}","templated":true}]}}