{"id":57211,"date":"2023-03-14T13:53:17","date_gmt":"2023-03-14T16:53:17","guid":{"rendered":"https:\/\/vocesparalelas.com.ar\/sitio\/?p=57211"},"modified":"2023-03-15T23:13:06","modified_gmt":"2023-03-16T02:13:06","slug":"se-lanzo-eco-mes-en-san-juan","status":"publish","type":"post","link":"https:\/\/vocesparalelas.com.ar\/sitio\/se-lanzo-eco-mes-en-san-juan\/","title":{"rendered":"Se lanz\u00f3 \u201cEco Mes\u201d en San Juan"},"content":{"rendered":"<p>A trav\u00e9s de la firma de un acta acuerdo,<\/p>\n<p>La Secretar\u00eda de Estado de Ambiente y Desarrollo Sustentable del Gobierno de San Juan y el centro comercial Patio Alvear se comprometieron a desarrollar durante Marzo y a trav\u00e9s de diferentes actividades, los programas Misi\u00f3n Buen Ambiente y de Recolecci\u00f3n de RAEE.<\/p>\n<p>La actividad\u00bb Eco Mes\u00bb cuenta con una serie de acciones ambientales que se ejecutan en el Eco Patio.<\/p>\n<p>La firma de convenio estuvo presidida por el secretario de Estado de Ambiente y Desarrollo Sustentable del Gobierno de San Juan, Francisco Guevara; el gerente de Patio Alvear, Alejandro Escobar; la subsecretaria de Residuos S\u00f3lidos Urbanos, Gabriela P\u00e9rez; el director del Parque de Tecnolog\u00edas Ambientales, Miguel Alessi; la subdirectora del PTA, Natalia Ruggieri y el coordinado de Gabinete, Jorge Guevara.<\/p>\n<p><img loading=\"lazy\" decoding=\"async\" class=\"alignnone size-full wp-image-57214\" src=\"https:\/\/vocesparalelas.com.ar\/sitio\/wp-content\/uploads\/2023\/03\/ECO-SAN-JUAN.jpg\" alt=\"\" width=\"800\" height=\"534\" srcset=\"https:\/\/vocesparalelas.com.ar\/sitio\/wp-content\/uploads\/2023\/03\/ECO-SAN-JUAN.jpg 800w, https:\/\/vocesparalelas.com.ar\/sitio\/wp-content\/uploads\/2023\/03\/ECO-SAN-JUAN-300x200.jpg 300w, https:\/\/vocesparalelas.com.ar\/sitio\/wp-content\/uploads\/2023\/03\/ECO-SAN-JUAN-768x513.jpg 768w\" sizes=\"auto, (max-width: 800px) 100vw, 800px\" \/><\/p>\n<p>El objetivo es instalar la correcta gesti\u00f3n integral de residuos s\u00f3lidos urbanos en todas sus etapas, promoviendo la separaci\u00f3n en origen, la recolecci\u00f3n diferenciada y la disposici\u00f3n sanitaria adecuada.<\/p>\n<p>Francisco Guevara se refiri\u00f3 a la importancia de seguir trabajando junto al sector privado, detallando que \u201cm\u00e1s de 120 empresas ya trabajan con Misi\u00f3n Buen Ambiente y seguimos sumando actores de la actividad privada. Con Patio Alvear ya firmamos un convenio para colocar eco puntos de separaci\u00f3n en origen y ahora tambi\u00e9n conformaremos el Eco Patio, una iniciativa a trav\u00e9s de la cual los comercios que tienen sus negocios en el lugar se suman a las actividades ambientales.\u201d<\/p>\n<p><iframe loading=\"lazy\" title=\"ECO SAN JUAN FRANCISCO GUEVARA\" width=\"800\" height=\"450\" src=\"https:\/\/www.youtube.com\/embed\/6LtL89y0ln0?feature=oembed\" frameborder=\"0\" allow=\"accelerometer; autoplay; clipboard-write; encrypted-media; gyroscope; picture-in-picture; web-share\" allowfullscreen><\/iframe><\/p>\n<p>En cuanto a la metodolog\u00eda de trabajo a implementar durante todo marzo, cuya campa\u00f1a tiene varias actividades y finaliza con un sorteo de un monopat\u00edn el\u00e9ctrico y un juego de living de madera pl\u00e1stica reciclada. Quienes visiten el centro comercial deben llevar hasta el lugar botellas para participar del eco canje y de esta forma acceder\u00e1n al sorteo final\u201d.<\/p>\n<p>Algunas de las actividades que se desarrollan son la instalaci\u00f3n de punto RAEE, capacitaci\u00f3n de separaci\u00f3n diferenciada a cada local, recolecci\u00f3n de botellas, visita de los empleados al Centro Ambiental Anchipurac, retiro de residuos el\u00e9ctricos y electr\u00f3nicos, el sorteo final de un monopat\u00edn el\u00e9ctrico y banco reciclable, entre otros.<\/p>\n<p>Respecto a la instalaci\u00f3n de un Punto RAEE, es para ayuda a generar conciencia ambiental, incentiva y motiva, principalmente a los m\u00e1s peque\u00f1os. Una vez que el RAEE en desuso pasa por el acopio, desguace y venta, los materiales que se recuperan son utilizados para construir nuevos elementos que son donados a centros de jubilados, uniones vecinales, ONG que trabajan con campa\u00f1as ambientales.<\/p>\n<p>Por su parte, Alejandro Escobar consider\u00f3 \u201cmuy importante que sean parte de esta iniciativa los comerciantes que conforman Patio Alvear y los clientes que acuden al centro comercial. Vamos a trabajar durante todo marzo, y la idea es que esta campa\u00f1a contin\u00fae\u00bb.<\/p>\n<p><iframe loading=\"lazy\" title=\"ECO SAN JUAN ALEJANDRO ESCOBAR\" width=\"800\" height=\"450\" src=\"https:\/\/www.youtube.com\/embed\/sz0_kIg4Eow?feature=oembed\" frameborder=\"0\" allow=\"accelerometer; autoplay; clipboard-write; encrypted-media; gyroscope; picture-in-picture; web-share\" allowfullscreen><\/iframe><\/p>\n<p>&nbsp;<\/p>\n<p>&nbsp;<\/p>\n<p>&nbsp;<\/p>\n","protected":false},"excerpt":{"rendered":"<p>A trav\u00e9s de la firma de un acta acuerdo, La Secretar\u00eda de Estado de Ambiente y Desarrollo Sustentable del Gobierno<\/p>\n","protected":false},"author":3,"featured_media":57215,"comment_status":"closed","ping_status":"closed","sticky":false,"template":"","format":"video","meta":{"_acf_changed":false,"_seopress_robots_primary_cat":"none","_seopress_titles_title":"","_seopress_titles_desc":"","_seopress_robots_index":"","colormag_page_container_layout":"default_layout","colormag_page_sidebar_layout":"default_layout","footnotes":""},"categories":[6,7],"tags":[],"class_list":["post-57211","post","type-post","status-publish","format-video","has-post-thumbnail","hentry","category-eventos","category-videos","post_format-post-format-video"],"acf":[],"_links":{"self":[{"href":"https:\/\/vocesparalelas.com.ar\/sitio\/wp-json\/wp\/v2\/posts\/57211","targetHints":{"allow":["GET"]}}],"collection":[{"href":"https:\/\/vocesparalelas.com.ar\/sitio\/wp-json\/wp\/v2\/posts"}],"about":[{"href":"https:\/\/vocesparalelas.com.ar\/sitio\/wp-json\/wp\/v2\/types\/post"}],"author":[{"embeddable":true,"href":"https:\/\/vocesparalelas.com.ar\/sitio\/wp-json\/wp\/v2\/users\/3"}],"replies":[{"embeddable":true,"href":"https:\/\/vocesparalelas.com.ar\/sitio\/wp-json\/wp\/v2\/comments?post=57211"}],"version-history":[{"count":1,"href":"https:\/\/vocesparalelas.com.ar\/sitio\/wp-json\/wp\/v2\/posts\/57211\/revisions"}],"predecessor-version":[{"id":57216,"href":"https:\/\/vocesparalelas.com.ar\/sitio\/wp-json\/wp\/v2\/posts\/57211\/revisions\/57216"}],"wp:featuredmedia":[{"embeddable":true,"href":"https:\/\/vocesparalelas.com.ar\/sitio\/wp-json\/wp\/v2\/media\/57215"}],"wp:attachment":[{"href":"https:\/\/vocesparalelas.com.ar\/sitio\/wp-json\/wp\/v2\/media?parent=57211"}],"wp:term":[{"taxonomy":"category","embeddable":true,"href":"https:\/\/vocesparalelas.com.ar\/sitio\/wp-json\/wp\/v2\/categories?post=57211"},{"taxonomy":"post_tag","embeddable":true,"href":"https:\/\/vocesparalelas.com.ar\/sitio\/wp-json\/wp\/v2\/tags?post=57211"}],"curies":[{"name":"wp","href":"https:\/\/api.w.org\/{rel}","templated":true}]}}