{"id":57197,"date":"2023-03-13T23:07:40","date_gmt":"2023-03-14T02:07:40","guid":{"rendered":"https:\/\/vocesparalelas.com.ar\/sitio\/?p=57197"},"modified":"2023-03-13T23:10:11","modified_gmt":"2023-03-14T02:10:11","slug":"el-gobierno-de-san-juan-dialogo-con-los-docentes-autoconvocados","status":"publish","type":"post","link":"https:\/\/vocesparalelas.com.ar\/sitio\/el-gobierno-de-san-juan-dialogo-con-los-docentes-autoconvocados\/","title":{"rendered":"El Gobierno de San Juan dialog\u00f3 con los docentes autoconvocados"},"content":{"rendered":"<p>El Gobierno de San Juan comunica que, en el marco de priorizar la vuelta a clases y contribuir a la paz social, abri\u00f3 el di\u00e1logo con los trabajadores docentes autoconvocados.<\/p>\n<p>Los representantes de los docentes: Carlos Albarrac\u00edn, Alejandra Acosta, Jorge Lozano, Emanuel Carri\u00f3n, Pablo Espinoza y Jorge Juan Echegaray; tuvieron reuniones con Luis Rueda, titular de Unidad Gobernaci\u00f3n; la ministra de Educaci\u00f3n, Lic. Cecilia Trincado Moncho; el secretario de Hacienda, CPN Gerardo Torrent; y el subsecretario general de la Gobernaci\u00f3n, Marcelo Esp\u00f3sito.<\/p>\n<p>En estas reuniones los docentes propusieron adelantar el 20% del aumento previsto para noviembre y que no se les aplique el descuento por los d\u00edas no trabajados.<\/p>\n<p>El gobierno plante\u00f3, tal cual lo solicitado por los docentes, adelantar el tramo de noviembre de la siguiente manera: un 10% de aumento en abril y un 10% en julio. Totalizando un 61,1 % a julio.<\/p>\n<p>Tambi\u00e9n fue acordado revisar el descuento por los d\u00edas de falta injustificada, asumiendo el compromiso de analizar dichas propuestas bajo las normas legales que rigen en materia laboral, junto a los gremios, en la medida en que los docentes vuelvan a las aulas inmediatamente.<\/p>\n<p>Tambi\u00e9n, se aclar\u00f3 que el posible acuerdo implicar\u00eda la redistribuci\u00f3n de partidas presupuestarias del Presupuesto 2023.<\/p>\n<p>Luego de haberles comunicado este enorme esfuerzo adicional, que mejora considerablemente lo que ya era una de las paritarias m\u00e1s altas del pa\u00eds, llevando a 61% de aumento a julio, los representantes de los docentes pidieron un cuarto intermedio en el que trasladaron a las bases la propuesta y regresaron con propuestas distintas a las planteadas por ellos mismos, las cuales son de imposible cumplimiento para el estado provincial.<\/p>\n<p>Con la firme convicci\u00f3n de que el di\u00e1logo y consenso caracteriza la gesti\u00f3n de gobierno, se seguir\u00e1 trabajando en pos del bienestar y la administraci\u00f3n eficiente de los recursos de todos lo sanjuaninos y sanjuaninas.<\/p>\n<p>&nbsp;<\/p>\n","protected":false},"excerpt":{"rendered":"<p>El Gobierno de San Juan comunica que, en el marco de priorizar la vuelta a clases y contribuir a la<\/p>\n","protected":false},"author":3,"featured_media":25616,"comment_status":"closed","ping_status":"closed","sticky":false,"template":"","format":"standard","meta":{"_acf_changed":false,"_seopress_robots_primary_cat":"none","_seopress_titles_title":"","_seopress_titles_desc":"","_seopress_robots_index":"","colormag_page_container_layout":"default_layout","colormag_page_sidebar_layout":"default_layout","footnotes":""},"categories":[1],"tags":[],"class_list":["post-57197","post","type-post","status-publish","format-standard","has-post-thumbnail","hentry","category-destacadas"],"acf":[],"_links":{"self":[{"href":"https:\/\/vocesparalelas.com.ar\/sitio\/wp-json\/wp\/v2\/posts\/57197","targetHints":{"allow":["GET"]}}],"collection":[{"href":"https:\/\/vocesparalelas.com.ar\/sitio\/wp-json\/wp\/v2\/posts"}],"about":[{"href":"https:\/\/vocesparalelas.com.ar\/sitio\/wp-json\/wp\/v2\/types\/post"}],"author":[{"embeddable":true,"href":"https:\/\/vocesparalelas.com.ar\/sitio\/wp-json\/wp\/v2\/users\/3"}],"replies":[{"embeddable":true,"href":"https:\/\/vocesparalelas.com.ar\/sitio\/wp-json\/wp\/v2\/comments?post=57197"}],"version-history":[{"count":1,"href":"https:\/\/vocesparalelas.com.ar\/sitio\/wp-json\/wp\/v2\/posts\/57197\/revisions"}],"predecessor-version":[{"id":57200,"href":"https:\/\/vocesparalelas.com.ar\/sitio\/wp-json\/wp\/v2\/posts\/57197\/revisions\/57200"}],"wp:featuredmedia":[{"embeddable":true,"href":"https:\/\/vocesparalelas.com.ar\/sitio\/wp-json\/wp\/v2\/media\/25616"}],"wp:attachment":[{"href":"https:\/\/vocesparalelas.com.ar\/sitio\/wp-json\/wp\/v2\/media?parent=57197"}],"wp:term":[{"taxonomy":"category","embeddable":true,"href":"https:\/\/vocesparalelas.com.ar\/sitio\/wp-json\/wp\/v2\/categories?post=57197"},{"taxonomy":"post_tag","embeddable":true,"href":"https:\/\/vocesparalelas.com.ar\/sitio\/wp-json\/wp\/v2\/tags?post=57197"}],"curies":[{"name":"wp","href":"https:\/\/api.w.org\/{rel}","templated":true}]}}