{"id":57140,"date":"2023-03-09T21:45:39","date_gmt":"2023-03-10T00:45:39","guid":{"rendered":"https:\/\/vocesparalelas.com.ar\/sitio\/?p=57140"},"modified":"2023-03-09T22:45:52","modified_gmt":"2023-03-10T01:45:52","slug":"comienza-la-temporada-2023-de-la-orquesta-sinfonica-de-la-unsj","status":"publish","type":"post","link":"https:\/\/vocesparalelas.com.ar\/sitio\/comienza-la-temporada-2023-de-la-orquesta-sinfonica-de-la-unsj\/","title":{"rendered":"Comienza la Temporada 2023 de la Orquesta Sinf\u00f3nica de la UNSJ"},"content":{"rendered":"<p>El Viernes, 10 de Marzo, a las 21:30 hs.; en la sala del Auditorio Ing. Juan Victoria comienza la Temporada 2023 de la Orquesta Sinf\u00f3nica de la Universidad Nacional de San Juan. La entrada es libre y gratuita.<\/p>\n<p><strong><span style=\"color: #339966;\">Programa<\/span><\/strong><\/p>\n<p>Obertura de la \u00d3pera<\/p>\n<p><span style=\"color: #339966;\"><strong>La Doncella de Pskov Nikolai<\/strong><\/span><\/p>\n<p>RIMSKI-KORSAKOV<\/p>\n<p>Estreno en San Juan<\/p>\n<p><span style=\"color: #339966;\"><strong>Romanza en Fa M<\/strong> <\/span><\/p>\n<p>Para Viol\u00edn y Orquesta, Ludwig van Beethoven<\/p>\n<p>Solista<\/p>\n<p>Indira Gonz\u00e1lez<\/p>\n<p><span style=\"color: #339966;\"><strong>Sinfon\u00eda N\u00b04 en Fa menor Op.36 <\/strong><\/span><\/p>\n<p>Piotr Ilich TCHAIKOVSKY<\/p>\n<p>Director Invitado M\u00b0 C\u00e9sar Iv\u00e1n Lara<\/p>\n<p>Por ello, en conferencia de prensa se anunci\u00f3 la Apertura de temporada 2023 de la Orquesta Sinf\u00f3nica de la UNSJ el Rector de la UNSJ, Ing. Tadeo Berenguer, la decana de la FFHA de la UNSJ, Mg. Myriam Arrabal; del director del Auditorio Ing. Juan Victoria, Rolando Garc\u00eda G\u00f3mez, el director del Centro de Creaci\u00f3n Art\u00edstica Orquestal Juan Carlos Caballero, y el director de orquesta invitado M\u00b0 Cesar Iv\u00e1n Lara.<\/p>\n<p>Es as\u00ed, que la decana de la Facultad de Filosof\u00eda, Humanidades y Artes, Mg. Myriam Arrabal agradeci\u00f3 al director del Centro de Creaci\u00f3n Art\u00edstica Orquestal, Juan Carlos Caballero, por la planificaci\u00f3n y organizaci\u00f3n de esta nueva temporada. Adem\u00e1s, mencion\u00f3 que \u201cla orquesta luego de tener durante ocho a\u00f1os un director titular, este a\u00f1o iniciar\u00e1 sin uno, por lo que resolvieron convocar a directores invitados, los que demostraron mucho inter\u00e9s en dirigir nuestra orquesta sinf\u00f3nica, lo cual habla del excelente nivel musical de nuestra formaci\u00f3n. La decana inform\u00f3 que el primer director invitado para dirigir las dos primeras funciones el 10 y 17 de marzo, es Cesar Iv\u00e1n Lara, venezolano que reside en Argentina desde algunos a\u00f1os. Posteriormente lo suceder\u00e1n otros directores y directoras a lo largo del 2023\u201d.<\/p>\n<p><iframe loading=\"lazy\" title=\"UNSJ FFHA DECANA MG MYRIAN ARRABAL\" width=\"800\" height=\"450\" src=\"https:\/\/www.youtube.com\/embed\/6Plfqn_uf9U?feature=oembed\" frameborder=\"0\" allow=\"accelerometer; autoplay; clipboard-write; encrypted-media; gyroscope; picture-in-picture; web-share\" allowfullscreen><\/iframe><\/p>\n<p>&nbsp;<\/p>\n<p>Es importante destacar que en el 2023 la UNSJ cumple 50 a\u00f1os, 52 a\u00f1os del Auditorio y 49 la orquesta sinf\u00f3nica.<\/p>\n<p>Seguidamente, el Director invitado M\u00b0 Cesar Iv\u00e1n Lara explic\u00f3 cada una de las obras seleccionadas para este primer concierto que va a permitir deslumbrar al p\u00fablico la Orquesta Sinf\u00f3nica de la UNSJ.<\/p>\n<p>&nbsp;<\/p>\n<p><iframe loading=\"lazy\" title=\"UNSJ M\u00b0 C\u00c9SAR LARA\" width=\"800\" height=\"450\" src=\"https:\/\/www.youtube.com\/embed\/UFU0AoOERpY?feature=oembed\" frameborder=\"0\" allow=\"accelerometer; autoplay; clipboard-write; encrypted-media; gyroscope; picture-in-picture; web-share\" allowfullscreen><\/iframe><\/p>\n<p>&nbsp;<\/p>\n<p>Finalmente, el rector de la UNSJ, Ing. Tadeo Berenguer expres\u00f3 que \u201cse renuevan las expectativas de poder disfrutar un a\u00f1o m\u00e1s de la excelente labor que lleva adelante la Orquesta Sinf\u00f3nica de la UNSJ, en conjunto con el Auditorio Juan Victoria y con las agrupaciones corales. Adem\u00e1s, la orquesta tiene que realizar este a\u00f1o, otra actividad importante durante el segundo semestre, que consiste en llevar la Universidad a lugares alejados donde nunca ha podido acercarse la orquesta sinf\u00f3nica. Debemos sociabilizar nuestras actividades y sobre todo la cultura\u201d.<\/p>\n<p><iframe loading=\"lazy\" title=\"UNSJ RECTOR ING TADEO BERENGUER\" width=\"800\" height=\"450\" src=\"https:\/\/www.youtube.com\/embed\/Yfns2cRDZtQ?feature=oembed\" frameborder=\"0\" allow=\"accelerometer; autoplay; clipboard-write; encrypted-media; gyroscope; picture-in-picture; web-share\" allowfullscreen><\/iframe><\/p>\n<p>&nbsp;<\/p>\n<p>Pr\u00e1ctica de la Orquesta Sinf\u00f3nica de la UNSJ con los instrumentos de cuerdas que son\u00f3 espectacular bajo la Direcci\u00f3n del M\u00b0 C\u00e9sar Lara<\/p>\n<p><iframe loading=\"lazy\" title=\"UNSJ ENSAYO ORQUESTA SINF\u00d3NICA\" width=\"800\" height=\"450\" src=\"https:\/\/www.youtube.com\/embed\/RQSZp4MOLZ0?feature=oembed\" frameborder=\"0\" allow=\"accelerometer; autoplay; clipboard-write; encrypted-media; gyroscope; picture-in-picture; web-share\" allowfullscreen><\/iframe><\/p>\n<p>&nbsp;<\/p>\n<p><img loading=\"lazy\" decoding=\"async\" class=\"alignnone size-full wp-image-53945\" src=\"https:\/\/vocesparalelas.com.ar\/sitio\/wp-content\/uploads\/2022\/10\/UNSJ-LOGO-50-FINAL.jpg\" alt=\"\" width=\"800\" height=\"476\" srcset=\"https:\/\/vocesparalelas.com.ar\/sitio\/wp-content\/uploads\/2022\/10\/UNSJ-LOGO-50-FINAL.jpg 800w, https:\/\/vocesparalelas.com.ar\/sitio\/wp-content\/uploads\/2022\/10\/UNSJ-LOGO-50-FINAL-300x179.jpg 300w, https:\/\/vocesparalelas.com.ar\/sitio\/wp-content\/uploads\/2022\/10\/UNSJ-LOGO-50-FINAL-768x457.jpg 768w\" sizes=\"auto, (max-width: 800px) 100vw, 800px\" \/><\/p>\n<p><img loading=\"lazy\" decoding=\"async\" class=\"alignnone size-full wp-image-54035\" src=\"https:\/\/vocesparalelas.com.ar\/sitio\/wp-content\/uploads\/2022\/11\/UNSJ-LOGO-10.jpg\" alt=\"\" width=\"800\" height=\"533\" srcset=\"https:\/\/vocesparalelas.com.ar\/sitio\/wp-content\/uploads\/2022\/11\/UNSJ-LOGO-10.jpg 800w, https:\/\/vocesparalelas.com.ar\/sitio\/wp-content\/uploads\/2022\/11\/UNSJ-LOGO-10-300x200.jpg 300w, https:\/\/vocesparalelas.com.ar\/sitio\/wp-content\/uploads\/2022\/11\/UNSJ-LOGO-10-768x512.jpg 768w\" sizes=\"auto, (max-width: 800px) 100vw, 800px\" \/><\/p>\n","protected":false},"excerpt":{"rendered":"<p>El Viernes, 10 de Marzo, a las 21:30 hs.; en la sala del Auditorio Ing. Juan Victoria comienza la Temporada<\/p>\n","protected":false},"author":3,"featured_media":57144,"comment_status":"closed","ping_status":"closed","sticky":false,"template":"","format":"video","meta":{"_acf_changed":false,"_seopress_robots_primary_cat":"none","_seopress_titles_title":"","_seopress_titles_desc":"","_seopress_robots_index":"","colormag_page_container_layout":"default_layout","colormag_page_sidebar_layout":"default_layout","footnotes":""},"categories":[1,7],"tags":[],"class_list":["post-57140","post","type-post","status-publish","format-video","has-post-thumbnail","hentry","category-destacadas","category-videos","post_format-post-format-video"],"acf":[],"_links":{"self":[{"href":"https:\/\/vocesparalelas.com.ar\/sitio\/wp-json\/wp\/v2\/posts\/57140","targetHints":{"allow":["GET"]}}],"collection":[{"href":"https:\/\/vocesparalelas.com.ar\/sitio\/wp-json\/wp\/v2\/posts"}],"about":[{"href":"https:\/\/vocesparalelas.com.ar\/sitio\/wp-json\/wp\/v2\/types\/post"}],"author":[{"embeddable":true,"href":"https:\/\/vocesparalelas.com.ar\/sitio\/wp-json\/wp\/v2\/users\/3"}],"replies":[{"embeddable":true,"href":"https:\/\/vocesparalelas.com.ar\/sitio\/wp-json\/wp\/v2\/comments?post=57140"}],"version-history":[{"count":1,"href":"https:\/\/vocesparalelas.com.ar\/sitio\/wp-json\/wp\/v2\/posts\/57140\/revisions"}],"predecessor-version":[{"id":57145,"href":"https:\/\/vocesparalelas.com.ar\/sitio\/wp-json\/wp\/v2\/posts\/57140\/revisions\/57145"}],"wp:featuredmedia":[{"embeddable":true,"href":"https:\/\/vocesparalelas.com.ar\/sitio\/wp-json\/wp\/v2\/media\/57144"}],"wp:attachment":[{"href":"https:\/\/vocesparalelas.com.ar\/sitio\/wp-json\/wp\/v2\/media?parent=57140"}],"wp:term":[{"taxonomy":"category","embeddable":true,"href":"https:\/\/vocesparalelas.com.ar\/sitio\/wp-json\/wp\/v2\/categories?post=57140"},{"taxonomy":"post_tag","embeddable":true,"href":"https:\/\/vocesparalelas.com.ar\/sitio\/wp-json\/wp\/v2\/tags?post=57140"}],"curies":[{"name":"wp","href":"https:\/\/api.w.org\/{rel}","templated":true}]}}