{"id":57129,"date":"2023-03-09T18:32:13","date_gmt":"2023-03-09T21:32:13","guid":{"rendered":"https:\/\/vocesparalelas.com.ar\/sitio\/?p=57129"},"modified":"2023-03-14T23:00:12","modified_gmt":"2023-03-15T02:00:12","slug":"mirada-de-mujer","status":"publish","type":"post","link":"https:\/\/vocesparalelas.com.ar\/sitio\/mirada-de-mujer\/","title":{"rendered":"\u201cMirada de Mujer\u201d"},"content":{"rendered":"<p>El Jueves, 9 de Marzo, a las 18:30 hs.; en el Punto Emprendedor Domingo Faustino Sarmiento, ubicado en Sarmiento 542 &#8211; S &#8211; Capital, se presenta \u201cMirada de Mujer\u201d<\/p>\n<p>Artify se enorgullece de presentar \u201cMirada de Mujer\u201d, una exhibici\u00f3n que se realizar\u00e1 en el Hub del Oeste, con el objetivo de conmemorar la fuerza y la creatividad de las mujeres en el arte. La exposici\u00f3n destacar\u00e1 la presencia y la contribuci\u00f3n de las mujeres artistas en la cultura local, a trav\u00e9s de una amplia variedad de trabajos, desde dibujos, pinturas hasta esculturas, fotograf\u00edas y t\u00e9cnicas mixtas.<\/p>\n<p>Mirada de Mujer presenta una selecci\u00f3n de obras de artistas mujeres de la colecci\u00f3n Artify, incluyendo artistas consagradas y emergentes. La exposici\u00f3n tambi\u00e9n ofrece un espacio especial para artistas que har\u00e1n una demostraci\u00f3n en vivo de su trabajo y procesos creativos, generando un espacio de encuentro, di\u00e1logo e intercambio de experiencias. La din\u00e1mica expositiva invita a recorrer las oficinas y espacios comunes de Hub del Oeste, y<br \/>\ndescubrir las diversas expresiones pict\u00f3ricas.<\/p>\n<p>Adem\u00e1s de la exhibici\u00f3n de obras de arte, Artify ofrece charlas e intervenciones especiales enfocadas en el papel de la mujer en el arte y la cultura. Los eventos exploran la evoluci\u00f3n del papel de la mujer en la actualidad, as\u00ed como los desaf\u00edos y oportunidades que enfrentan las mujeres en el ecosistema del arte hoy.<\/p>\n<p>Mirada de Mujer es una oportunidad \u00fanica para celebrar la fuerza y la creatividad de las mujeres en el arte y la cultura local.<\/p>\n","protected":false},"excerpt":{"rendered":"<p>El Jueves, 9 de Marzo, a las 18:30 hs.; en el Punto Emprendedor Domingo Faustino Sarmiento, ubicado en Sarmiento 542<\/p>\n","protected":false},"author":3,"featured_media":57132,"comment_status":"closed","ping_status":"closed","sticky":false,"template":"","format":"standard","meta":{"_acf_changed":false,"_seopress_robots_primary_cat":"none","_seopress_titles_title":"","_seopress_titles_desc":"","_seopress_robots_index":"","colormag_page_container_layout":"default_layout","colormag_page_sidebar_layout":"default_layout","footnotes":""},"categories":[20],"tags":[],"class_list":["post-57129","post","type-post","status-publish","format-standard","has-post-thumbnail","hentry","category-cartelera"],"acf":[],"_links":{"self":[{"href":"https:\/\/vocesparalelas.com.ar\/sitio\/wp-json\/wp\/v2\/posts\/57129","targetHints":{"allow":["GET"]}}],"collection":[{"href":"https:\/\/vocesparalelas.com.ar\/sitio\/wp-json\/wp\/v2\/posts"}],"about":[{"href":"https:\/\/vocesparalelas.com.ar\/sitio\/wp-json\/wp\/v2\/types\/post"}],"author":[{"embeddable":true,"href":"https:\/\/vocesparalelas.com.ar\/sitio\/wp-json\/wp\/v2\/users\/3"}],"replies":[{"embeddable":true,"href":"https:\/\/vocesparalelas.com.ar\/sitio\/wp-json\/wp\/v2\/comments?post=57129"}],"version-history":[{"count":1,"href":"https:\/\/vocesparalelas.com.ar\/sitio\/wp-json\/wp\/v2\/posts\/57129\/revisions"}],"predecessor-version":[{"id":57133,"href":"https:\/\/vocesparalelas.com.ar\/sitio\/wp-json\/wp\/v2\/posts\/57129\/revisions\/57133"}],"wp:featuredmedia":[{"embeddable":true,"href":"https:\/\/vocesparalelas.com.ar\/sitio\/wp-json\/wp\/v2\/media\/57132"}],"wp:attachment":[{"href":"https:\/\/vocesparalelas.com.ar\/sitio\/wp-json\/wp\/v2\/media?parent=57129"}],"wp:term":[{"taxonomy":"category","embeddable":true,"href":"https:\/\/vocesparalelas.com.ar\/sitio\/wp-json\/wp\/v2\/categories?post=57129"},{"taxonomy":"post_tag","embeddable":true,"href":"https:\/\/vocesparalelas.com.ar\/sitio\/wp-json\/wp\/v2\/tags?post=57129"}],"curies":[{"name":"wp","href":"https:\/\/api.w.org\/{rel}","templated":true}]}}