{"id":57047,"date":"2023-03-05T22:27:00","date_gmt":"2023-03-06T01:27:00","guid":{"rendered":"https:\/\/vocesparalelas.com.ar\/sitio\/?p=57047"},"modified":"2023-04-16T20:13:19","modified_gmt":"2023-04-16T23:13:19","slug":"analisis-del-sueldo-docente-de-san-juan","status":"publish","type":"post","link":"https:\/\/vocesparalelas.com.ar\/sitio\/analisis-del-sueldo-docente-de-san-juan\/","title":{"rendered":"An\u00e1lisis del Sueldo Docente de San Juan"},"content":{"rendered":"<p>Al tratar en Paritaria Docente en San Juan el sueldo es muy delicado porque ning\u00fan docente gana lo mismo que otro. Esto se debe a distintos items que contiene el recibo, que no es f\u00e1cil de comprender.<\/p>\n<p>Un ejemplo puede tomarse el sueldo de un docente del casco c\u00e9ntrico que hoy tiene radio con otro docente con la misma antig\u00fcedad que trabaja en zonas alejadas. No es lo mismo un sueldo de un docente primario que un profesor. Podemos ilustrar con un abanico de posibilidades imposible de comprender gracias al legado de luchas docentes de a\u00f1os y que los gremios deben conservar y mejorar junto a las autoridades del Gobierno de San Juan.<\/p>\n<p>Se deber\u00eda analizar el abanico de docentes dentro del Sistema Educativo de San Juan. Lo importante que en esta tarea se sigue mejorando distintas alternativas, variedad, escala de colores para que los Docentes de San Juan no pierdan esa capacidad del sueldo que es personal y que no la posee ning\u00fan trabajador.<\/p>\n<p>Por ello, Voces Paralelas\u00a0 desarroll\u00f3 una entrevista period\u00edstica al Secretario General de UDAP, Prof. Luis Lucero, quien realiz\u00f3 un an\u00e1lisis del Sueldo Docente de San Juan.<\/p>\n<p>&nbsp;<\/p>\n<p><iframe loading=\"lazy\" title=\"UDAP PROF LUIS LUCERO\" width=\"800\" height=\"450\" src=\"https:\/\/www.youtube.com\/embed\/aIceTaUf7h8?feature=oembed\" frameborder=\"0\" allow=\"accelerometer; autoplay; clipboard-write; encrypted-media; gyroscope; picture-in-picture; web-share\" allowfullscreen><\/iframe><\/p>\n<p>&nbsp;<\/p>\n<p>La caracter\u00edstica diferencial de un docente que trabaja en escuelas que en distintos espacios y su sueldo es distinto a otro.<\/p>\n<p><iframe loading=\"lazy\" title=\"UDAP PROF LUIS LUCERO\" width=\"800\" height=\"450\" src=\"https:\/\/www.youtube.com\/embed\/lz7czQaUEB8?feature=oembed\" frameborder=\"0\" allow=\"accelerometer; autoplay; clipboard-write; encrypted-media; gyroscope; picture-in-picture; web-share\" allowfullscreen><\/iframe><\/p>\n<p>&nbsp;<\/p>\n<p>Cada docente de San Juan gana de acuerdo al cargo que ocupa y dem\u00e1s items.<\/p>\n<p><iframe loading=\"lazy\" title=\"UDAP PROF LUIS LUCERO\" width=\"800\" height=\"450\" src=\"https:\/\/www.youtube.com\/embed\/1GTZWsYoucA?feature=oembed\" frameborder=\"0\" allow=\"accelerometer; autoplay; clipboard-write; encrypted-media; gyroscope; picture-in-picture; web-share\" allowfullscreen><\/iframe><\/p>\n<p>&nbsp;<\/p>\n<blockquote class=\"wp-embedded-content\" data-secret=\"3ngsi3QaA8\"><p><a href=\"https:\/\/vocesparalelas.com.ar\/sitio\/que-se-logro-en-la-paritarias-docentes-en-san-juan\/\">\u00bfQu\u00e9 se logr\u00f3 en la Paritarias Docentes en San Juan?<\/a><\/p><\/blockquote>\n<p><iframe loading=\"lazy\" class=\"wp-embedded-content\" sandbox=\"allow-scripts\" security=\"restricted\" style=\"position: absolute; clip: rect(1px, 1px, 1px, 1px);\" title=\"\u00ab\u00bfQu\u00e9 se logr\u00f3 en la Paritarias Docentes en San Juan?\u00bb \u2014 Voces Paralelas\" src=\"https:\/\/vocesparalelas.com.ar\/sitio\/que-se-logro-en-la-paritarias-docentes-en-san-juan\/embed\/#?secret=LIj4HbYKQu#?secret=3ngsi3QaA8\" data-secret=\"3ngsi3QaA8\" width=\"600\" height=\"338\" frameborder=\"0\" marginwidth=\"0\" marginheight=\"0\" scrolling=\"no\"><\/iframe><\/p>\n<p>&nbsp;<\/p>\n<p><img loading=\"lazy\" decoding=\"async\" class=\"alignnone size-full wp-image-54427\" src=\"https:\/\/vocesparalelas.com.ar\/sitio\/wp-content\/uploads\/2022\/11\/UDAP-FRENTE-01.jpg\" alt=\"\" width=\"800\" height=\"600\" srcset=\"https:\/\/vocesparalelas.com.ar\/sitio\/wp-content\/uploads\/2022\/11\/UDAP-FRENTE-01.jpg 800w, https:\/\/vocesparalelas.com.ar\/sitio\/wp-content\/uploads\/2022\/11\/UDAP-FRENTE-01-300x225.jpg 300w, https:\/\/vocesparalelas.com.ar\/sitio\/wp-content\/uploads\/2022\/11\/UDAP-FRENTE-01-768x576.jpg 768w\" sizes=\"auto, (max-width: 800px) 100vw, 800px\" \/><\/p>\n","protected":false},"excerpt":{"rendered":"<p>Al tratar en Paritaria Docente en San Juan el sueldo es muy delicado porque ning\u00fan docente gana lo mismo que<\/p>\n","protected":false},"author":3,"featured_media":57003,"comment_status":"closed","ping_status":"closed","sticky":false,"template":"","format":"standard","meta":{"_acf_changed":false,"_seopress_robots_primary_cat":"none","_seopress_titles_title":"","_seopress_titles_desc":"","_seopress_robots_index":"","colormag_page_container_layout":"default_layout","colormag_page_sidebar_layout":"default_layout","footnotes":""},"categories":[10,7],"tags":[],"class_list":["post-57047","post","type-post","status-publish","format-standard","has-post-thumbnail","hentry","category-opiniones","category-videos"],"acf":[],"_links":{"self":[{"href":"https:\/\/vocesparalelas.com.ar\/sitio\/wp-json\/wp\/v2\/posts\/57047","targetHints":{"allow":["GET"]}}],"collection":[{"href":"https:\/\/vocesparalelas.com.ar\/sitio\/wp-json\/wp\/v2\/posts"}],"about":[{"href":"https:\/\/vocesparalelas.com.ar\/sitio\/wp-json\/wp\/v2\/types\/post"}],"author":[{"embeddable":true,"href":"https:\/\/vocesparalelas.com.ar\/sitio\/wp-json\/wp\/v2\/users\/3"}],"replies":[{"embeddable":true,"href":"https:\/\/vocesparalelas.com.ar\/sitio\/wp-json\/wp\/v2\/comments?post=57047"}],"version-history":[{"count":3,"href":"https:\/\/vocesparalelas.com.ar\/sitio\/wp-json\/wp\/v2\/posts\/57047\/revisions"}],"predecessor-version":[{"id":57052,"href":"https:\/\/vocesparalelas.com.ar\/sitio\/wp-json\/wp\/v2\/posts\/57047\/revisions\/57052"}],"wp:featuredmedia":[{"embeddable":true,"href":"https:\/\/vocesparalelas.com.ar\/sitio\/wp-json\/wp\/v2\/media\/57003"}],"wp:attachment":[{"href":"https:\/\/vocesparalelas.com.ar\/sitio\/wp-json\/wp\/v2\/media?parent=57047"}],"wp:term":[{"taxonomy":"category","embeddable":true,"href":"https:\/\/vocesparalelas.com.ar\/sitio\/wp-json\/wp\/v2\/categories?post=57047"},{"taxonomy":"post_tag","embeddable":true,"href":"https:\/\/vocesparalelas.com.ar\/sitio\/wp-json\/wp\/v2\/tags?post=57047"}],"curies":[{"name":"wp","href":"https:\/\/api.w.org\/{rel}","templated":true}]}}