{"id":57010,"date":"2023-03-03T21:23:01","date_gmt":"2023-03-04T00:23:01","guid":{"rendered":"https:\/\/vocesparalelas.com.ar\/sitio\/?p=57010"},"modified":"2023-03-03T22:05:47","modified_gmt":"2023-03-04T01:05:47","slug":"presentacion-de-los-talleres-de-5o-ano-de-las-carreras-de-diseno-de-la-faud-de-la-unsj","status":"publish","type":"post","link":"https:\/\/vocesparalelas.com.ar\/sitio\/presentacion-de-los-talleres-de-5o-ano-de-las-carreras-de-diseno-de-la-faud-de-la-unsj\/","title":{"rendered":"Presentaci\u00f3n de los Talleres de 5\u00ba a\u00f1o de las carreras de Dise\u00f1o de la FAUD de la UNSJ"},"content":{"rendered":"<p>El Departamento de Dise\u00f1o de la Facultad de Arquitectura, Urbanismo y Dise\u00f1o de la Universidad Nacional de San Juan informa la presentaci\u00f3n de los Talleres de las carreras de grado Dise\u00f1o Gr\u00e1fico y Dise\u00f1o Industrial para el Ciclo Lectivo 2023.<\/p>\n<p><strong><span style=\"color: #339966;\">Destinatarios\u00a0<\/span><\/strong><\/p>\n<p>Alumnos de 5\u00b0 A\u00f1o<\/p>\n<p><strong><span style=\"color: #339966;\">Cronograma<\/span><\/strong><\/p>\n<ul>\n<li><strong>Taller de Dise\u00f1o Gr\u00e1fico IV; Comisi\u00f3n V\u00e1zquez<\/strong>: Sala de Teleconferencias, el Lunes, 6 de Marzo, a las 8,30 hs.<\/li>\n<li><strong>Taller de Dise\u00f1o Gr\u00e1fico IV; Comisi\u00f3n Ficcardi:<\/strong> Sala de Teleconferencias, el Lunes, 6 de Marzo, a las 11 hs.<\/li>\n<li><strong>Taller de Dise\u00f1o Industrial IV; Comisi\u00f3n D\u00edaz Reinoso:<\/strong> Taller 6; el Viernes, 10 de Marzo, a las 9 hs.<\/li>\n<li><strong>Taller de Dise\u00f1o Industrial IV; Comisi\u00f3n Lissandrello<\/strong>: Taller 5; el Viernes, 10 de Marzo, a las 10,30 hs.<\/li>\n<\/ul>\n","protected":false},"excerpt":{"rendered":"<p>El Departamento de Dise\u00f1o de la Facultad de Arquitectura, Urbanismo y Dise\u00f1o de la Universidad Nacional de San Juan informa<\/p>\n","protected":false},"author":3,"featured_media":43789,"comment_status":"closed","ping_status":"closed","sticky":false,"template":"","format":"standard","meta":{"_acf_changed":false,"_seopress_robots_primary_cat":"none","_seopress_titles_title":"","_seopress_titles_desc":"","_seopress_robots_index":"","colormag_page_container_layout":"default_layout","colormag_page_sidebar_layout":"default_layout","footnotes":""},"categories":[1],"tags":[],"class_list":["post-57010","post","type-post","status-publish","format-standard","has-post-thumbnail","hentry","category-destacadas"],"acf":[],"_links":{"self":[{"href":"https:\/\/vocesparalelas.com.ar\/sitio\/wp-json\/wp\/v2\/posts\/57010","targetHints":{"allow":["GET"]}}],"collection":[{"href":"https:\/\/vocesparalelas.com.ar\/sitio\/wp-json\/wp\/v2\/posts"}],"about":[{"href":"https:\/\/vocesparalelas.com.ar\/sitio\/wp-json\/wp\/v2\/types\/post"}],"author":[{"embeddable":true,"href":"https:\/\/vocesparalelas.com.ar\/sitio\/wp-json\/wp\/v2\/users\/3"}],"replies":[{"embeddable":true,"href":"https:\/\/vocesparalelas.com.ar\/sitio\/wp-json\/wp\/v2\/comments?post=57010"}],"version-history":[{"count":1,"href":"https:\/\/vocesparalelas.com.ar\/sitio\/wp-json\/wp\/v2\/posts\/57010\/revisions"}],"predecessor-version":[{"id":57013,"href":"https:\/\/vocesparalelas.com.ar\/sitio\/wp-json\/wp\/v2\/posts\/57010\/revisions\/57013"}],"wp:featuredmedia":[{"embeddable":true,"href":"https:\/\/vocesparalelas.com.ar\/sitio\/wp-json\/wp\/v2\/media\/43789"}],"wp:attachment":[{"href":"https:\/\/vocesparalelas.com.ar\/sitio\/wp-json\/wp\/v2\/media?parent=57010"}],"wp:term":[{"taxonomy":"category","embeddable":true,"href":"https:\/\/vocesparalelas.com.ar\/sitio\/wp-json\/wp\/v2\/categories?post=57010"},{"taxonomy":"post_tag","embeddable":true,"href":"https:\/\/vocesparalelas.com.ar\/sitio\/wp-json\/wp\/v2\/tags?post=57010"}],"curies":[{"name":"wp","href":"https:\/\/api.w.org\/{rel}","templated":true}]}}