{"id":56993,"date":"2023-03-02T22:55:59","date_gmt":"2023-03-03T01:55:59","guid":{"rendered":"https:\/\/vocesparalelas.com.ar\/sitio\/?p=56993"},"modified":"2023-03-04T21:38:25","modified_gmt":"2023-03-05T00:38:25","slug":"talleres-de-la-universidad-para-adultos-mayores-por-un-nuevo-proyecto-de-vida","status":"publish","type":"post","link":"https:\/\/vocesparalelas.com.ar\/sitio\/talleres-de-la-universidad-para-adultos-mayores-por-un-nuevo-proyecto-de-vida\/","title":{"rendered":"Talleres de la Universidad para Adultos Mayores \u00abPor un nuevo proyecto de vida\u00bb"},"content":{"rendered":"<p>Iniciaron las inscripciones al Ciclo Lectivo 2023 para los Talleres de la Universidad para Adultos Mayores \u00abPor un nuevo proyecto de vida\u00bb dependiente de la Secretar\u00eda de Extensi\u00f3n Universitaria de la Facultad de Filosof\u00eda, Humanidades y Artes de la Universidad Nacional de San Juan.<\/p>\n<p>Se realizan de Lunes a Viernes, de 18 a 20 hs.\u00a0en la\u00a0Escuela Antonio Torres, General Acha 426 &#8211; S -, Capital.<\/p>\n<p>El \u00fanico requisito de admisi\u00f3n es ser mayor de 50 a\u00f1os.<\/p>\n<p>Para completar la inscripci\u00f3n las\/os interesados deben abonar $2.000 de matr\u00edcula por \u00fanica vez y una cuota mensual que se debe abonar a partir del mes de abril con un valor de $3.000<\/p>\n<p>El inicio es el 4 de Abril y el Ciclo Lectivo 2023 se extiende desde el 1 de Abril hasta el 30 de Noviembre.<\/p>\n<p><span style=\"color: #993300;\"><strong>Talleres<\/strong><\/span><\/p>\n<ul>\n<li>Yoga,<\/li>\n<li>Computaci\u00f3n,<\/li>\n<li>Apreciaci\u00f3n musical,<\/li>\n<li>Artes pl\u00e1sticas,<\/li>\n<li>Filosof\u00eda,<\/li>\n<li>Fotograf\u00eda,<\/li>\n<li>Gimnasia de Bajo Impacto,<\/li>\n<li>Historia,<\/li>\n<li>Historia del Arte,<\/li>\n<li>Ingl\u00e9s,<\/li>\n<li>Lectura y creaci\u00f3n literaria,<\/li>\n<li>Nataci\u00f3n,<\/li>\n<li>Psicolog\u00eda,<\/li>\n<li>Folclore,<\/li>\n<li>Teatro,<\/li>\n<li>Coro<\/li>\n<\/ul>\n<p>Con respecto a los d\u00edas y horarios de cursada de cada taller se establecen y confirman a mediados de Marzo, aunque puede mantenerse el cronograma actual.<\/p>\n<p><strong><span style=\"color: #993300;\">Consultas e informes<\/span><\/strong><\/p>\n<p><a href=\"http:\/\/www.unsj.edu.ar\/home\/noticias_detalles\/6917\/universidad.adultomayorffha@gmail.com\" target=\"_blank\" rel=\"noopener\">universidad.adultomayorffha@gmail.com<\/a><\/p>\n<p><img loading=\"lazy\" decoding=\"async\" class=\"alignnone size-large wp-image-43889\" src=\"https:\/\/vocesparalelas.com.ar\/sitio\/wp-content\/uploads\/2021\/11\/FFHA-FRENTE-1-800x600.jpg\" alt=\"\" width=\"800\" height=\"600\" srcset=\"https:\/\/vocesparalelas.com.ar\/sitio\/wp-content\/uploads\/2021\/11\/FFHA-FRENTE-1-800x600.jpg 800w, https:\/\/vocesparalelas.com.ar\/sitio\/wp-content\/uploads\/2021\/11\/FFHA-FRENTE-1-300x225.jpg 300w, https:\/\/vocesparalelas.com.ar\/sitio\/wp-content\/uploads\/2021\/11\/FFHA-FRENTE-1-768x576.jpg 768w, https:\/\/vocesparalelas.com.ar\/sitio\/wp-content\/uploads\/2021\/11\/FFHA-FRENTE-1.jpg 1024w\" sizes=\"auto, (max-width: 800px) 100vw, 800px\" \/><\/p>\n","protected":false},"excerpt":{"rendered":"<p>Iniciaron las inscripciones al Ciclo Lectivo 2023 para los Talleres de la Universidad para Adultos Mayores \u00abPor un nuevo proyecto<\/p>\n","protected":false},"author":3,"featured_media":10871,"comment_status":"closed","ping_status":"closed","sticky":false,"template":"","format":"standard","meta":{"_acf_changed":false,"_seopress_robots_primary_cat":"none","_seopress_titles_title":"","_seopress_titles_desc":"","_seopress_robots_index":"","colormag_page_container_layout":"default_layout","colormag_page_sidebar_layout":"default_layout","footnotes":""},"categories":[9],"tags":[],"class_list":["post-56993","post","type-post","status-publish","format-standard","has-post-thumbnail","hentry","category-cursos"],"acf":[],"_links":{"self":[{"href":"https:\/\/vocesparalelas.com.ar\/sitio\/wp-json\/wp\/v2\/posts\/56993","targetHints":{"allow":["GET"]}}],"collection":[{"href":"https:\/\/vocesparalelas.com.ar\/sitio\/wp-json\/wp\/v2\/posts"}],"about":[{"href":"https:\/\/vocesparalelas.com.ar\/sitio\/wp-json\/wp\/v2\/types\/post"}],"author":[{"embeddable":true,"href":"https:\/\/vocesparalelas.com.ar\/sitio\/wp-json\/wp\/v2\/users\/3"}],"replies":[{"embeddable":true,"href":"https:\/\/vocesparalelas.com.ar\/sitio\/wp-json\/wp\/v2\/comments?post=56993"}],"version-history":[{"count":1,"href":"https:\/\/vocesparalelas.com.ar\/sitio\/wp-json\/wp\/v2\/posts\/56993\/revisions"}],"predecessor-version":[{"id":56996,"href":"https:\/\/vocesparalelas.com.ar\/sitio\/wp-json\/wp\/v2\/posts\/56993\/revisions\/56996"}],"wp:featuredmedia":[{"embeddable":true,"href":"https:\/\/vocesparalelas.com.ar\/sitio\/wp-json\/wp\/v2\/media\/10871"}],"wp:attachment":[{"href":"https:\/\/vocesparalelas.com.ar\/sitio\/wp-json\/wp\/v2\/media?parent=56993"}],"wp:term":[{"taxonomy":"category","embeddable":true,"href":"https:\/\/vocesparalelas.com.ar\/sitio\/wp-json\/wp\/v2\/categories?post=56993"},{"taxonomy":"post_tag","embeddable":true,"href":"https:\/\/vocesparalelas.com.ar\/sitio\/wp-json\/wp\/v2\/tags?post=56993"}],"curies":[{"name":"wp","href":"https:\/\/api.w.org\/{rel}","templated":true}]}}