{"id":56960,"date":"2023-03-01T22:02:20","date_gmt":"2023-03-02T01:02:20","guid":{"rendered":"https:\/\/vocesparalelas.com.ar\/sitio\/?p=56960"},"modified":"2023-04-20T01:00:26","modified_gmt":"2023-04-20T04:00:26","slug":"un-convenio-que-fortalece-los-lazos-de-cooperacion-de-los-alumnos-de-la-facso-de-la-unsj","status":"publish","type":"post","link":"https:\/\/vocesparalelas.com.ar\/sitio\/un-convenio-que-fortalece-los-lazos-de-cooperacion-de-los-alumnos-de-la-facso-de-la-unsj\/","title":{"rendered":"Un convenio que fortalece los lazos de cooperaci\u00f3n de los alumnos de la FACSO de la UNSJ"},"content":{"rendered":"<p>En el Edificio Central del Rectorado de la Universidad Nacional de San Juan se realiz\u00f3 la firma de convenio para que alumnos de la Catedra de Econom\u00eda de la Facultad de Ciencias Sociales de la UNSJ desarrollen sus Pr\u00e1cticas Acad\u00e9micas Obligatorias para finalizar sus estudios de grados.<\/p>\n<p>La firma fue efectivizada por el Rector de la UNSJ, Ing. Tadeo Berenguer y el Ministro de Desarrollo Humano y Promoci\u00f3n Social del Gobierno de San Juan, Prof. Fabi\u00e1n Aballay.<\/p>\n<p>Luego, Voces Paralelas desarroll\u00f3 una entrevista period\u00edstica al Rector de la UNSJ, Ing. Tadeo Berenguer, quien puntualiz\u00f3 la necesidad de seguir reforzando estos convenio para beneficiar a los futuros profesionales y a los integrantes de<\/p>\n<p><iframe loading=\"lazy\" title=\"UNSJ RECTOR ING TADEO BERENGUER\" width=\"800\" height=\"450\" src=\"https:\/\/www.youtube.com\/embed\/fa8oqUyleaI?feature=oembed\" frameborder=\"0\" allow=\"accelerometer; autoplay; clipboard-write; encrypted-media; gyroscope; picture-in-picture; web-share\" allowfullscreen><\/iframe><\/p>\n<p>&nbsp;<\/p>\n<p>Luego, el Decano de la Facultad de Ciencias Sociales de la Universidad Nacional de San Juan, Dr. Marcelo Lucero explic\u00f3 la importancia del convenio porque tanto los alumnos y las cooperativas van a poder trabajara juntos para ayudar a la organizaci\u00f3n y asesoramiento.<\/p>\n<p>&nbsp;<\/p>\n<p><iframe loading=\"lazy\" title=\"UNSJ FACSO DECANO DR MARCELO LUCERO\" width=\"800\" height=\"450\" src=\"https:\/\/www.youtube.com\/embed\/XAcw4hZvVUY?feature=oembed\" frameborder=\"0\" allow=\"accelerometer; autoplay; clipboard-write; encrypted-media; gyroscope; picture-in-picture; web-share\" allowfullscreen><\/iframe><\/p>\n<p>&nbsp;<\/p>\n<p>Finalmente, el Ministro de de Desarrollo Humano y Promoci\u00f3n Social del Gobierno de San Juan, Prof. Fabi\u00e1n Aballay permite que el trabajo conjunto entre ambas instituciones ayuden a los integrantes de la cooperativas y mutualismo.<\/p>\n<p><iframe loading=\"lazy\" title=\"UNSJ MDH GSJ FABIAN PROF ABALLY\" width=\"800\" height=\"450\" src=\"https:\/\/www.youtube.com\/embed\/3uSYaDdkFbY?feature=oembed\" frameborder=\"0\" allow=\"accelerometer; autoplay; clipboard-write; encrypted-media; gyroscope; picture-in-picture; web-share\" allowfullscreen><\/iframe><\/p>\n<p>&nbsp;<\/p>\n","protected":false},"excerpt":{"rendered":"<p>En el Edificio Central del Rectorado de la Universidad Nacional de San Juan se realiz\u00f3 la firma de convenio para<\/p>\n","protected":false},"author":3,"featured_media":56963,"comment_status":"closed","ping_status":"closed","sticky":false,"template":"","format":"standard","meta":{"_acf_changed":false,"_seopress_robots_primary_cat":"none","_seopress_titles_title":"","_seopress_titles_desc":"","_seopress_robots_index":"","colormag_page_container_layout":"default_layout","colormag_page_sidebar_layout":"default_layout","footnotes":""},"categories":[1,7],"tags":[],"class_list":["post-56960","post","type-post","status-publish","format-standard","has-post-thumbnail","hentry","category-destacadas","category-videos"],"acf":[],"_links":{"self":[{"href":"https:\/\/vocesparalelas.com.ar\/sitio\/wp-json\/wp\/v2\/posts\/56960","targetHints":{"allow":["GET"]}}],"collection":[{"href":"https:\/\/vocesparalelas.com.ar\/sitio\/wp-json\/wp\/v2\/posts"}],"about":[{"href":"https:\/\/vocesparalelas.com.ar\/sitio\/wp-json\/wp\/v2\/types\/post"}],"author":[{"embeddable":true,"href":"https:\/\/vocesparalelas.com.ar\/sitio\/wp-json\/wp\/v2\/users\/3"}],"replies":[{"embeddable":true,"href":"https:\/\/vocesparalelas.com.ar\/sitio\/wp-json\/wp\/v2\/comments?post=56960"}],"version-history":[{"count":1,"href":"https:\/\/vocesparalelas.com.ar\/sitio\/wp-json\/wp\/v2\/posts\/56960\/revisions"}],"predecessor-version":[{"id":56964,"href":"https:\/\/vocesparalelas.com.ar\/sitio\/wp-json\/wp\/v2\/posts\/56960\/revisions\/56964"}],"wp:featuredmedia":[{"embeddable":true,"href":"https:\/\/vocesparalelas.com.ar\/sitio\/wp-json\/wp\/v2\/media\/56963"}],"wp:attachment":[{"href":"https:\/\/vocesparalelas.com.ar\/sitio\/wp-json\/wp\/v2\/media?parent=56960"}],"wp:term":[{"taxonomy":"category","embeddable":true,"href":"https:\/\/vocesparalelas.com.ar\/sitio\/wp-json\/wp\/v2\/categories?post=56960"},{"taxonomy":"post_tag","embeddable":true,"href":"https:\/\/vocesparalelas.com.ar\/sitio\/wp-json\/wp\/v2\/tags?post=56960"}],"curies":[{"name":"wp","href":"https:\/\/api.w.org\/{rel}","templated":true}]}}