{"id":56933,"date":"2023-02-28T22:57:34","date_gmt":"2023-03-01T01:57:34","guid":{"rendered":"https:\/\/vocesparalelas.com.ar\/sitio\/?p=56933"},"modified":"2023-03-03T23:47:07","modified_gmt":"2023-03-04T02:47:07","slug":"torneo-del-sol-2023-en-la-pista-jesus-nandu-morales-de-san-juan","status":"publish","type":"post","link":"https:\/\/vocesparalelas.com.ar\/sitio\/torneo-del-sol-2023-en-la-pista-jesus-nandu-morales-de-san-juan\/","title":{"rendered":"Torneo del Sol 2023 en la Pista Jes\u00fas \u00ab\u00d1and\u00fa\u00bb Morales de San Juan"},"content":{"rendered":"<p>Con la fiscalizaci\u00f3n de la Federaci\u00f3n Sanjuanina de Atletismo &#8211; FAS -, se desarrolla el S\u00e1bado, 4 de Marzo, el Torneo Del Sol 2023 en la Pista Jes\u00fas \u00ab\u00d1and\u00fa\u00bb Morales, del Centro de Educaci\u00f3n F\u00edsica N\u00b020 &#8211; C.E.F., Departamento Santa Luc\u00eda.<\/p>\n<p>El certamen recibe atletas locales y nacionales, que se pueden inscribirse en la p\u00e1gina web de la Confederaci\u00f3n Argentina de Atletismo &#8211; CADA -, en caso de estar federado, y de no estar federado, en la p\u00e1gina de la Federaci\u00f3n Atl\u00e9tica Sanjuanina.<\/p>\n<p>Es de 1500 pesos el costo de inscripci\u00f3n para los primeros y de 1000 pesos para los segundos. El pago tambi\u00e9n se puede realizar en la misma pista, de Lunes a Viernes, entre las 17:30 y las 19:00 hs. En este caso solo se acepta pago en efectivo y el cierre de inscripci\u00f3n es el s\u00e1bado a las 12:00 hs.<\/p>\n<p>Con respecto al reglamento deportivo, los atletas pueden competir en una sola categor\u00eda, pero en la misma pueden participar hasta en tres pruebas. Los participantes del evento deben cumplir con el protocolo de competencia de la pista. Por \u00faltimo se premia a todos los atletas y entrega de trofeos a mejores marcas t\u00e9cnicas por club.<\/p>\n<p>La competencia comienza a las 15:30 y finaliza a las 19:00hs. con los reconocimientos.<\/p>\n<p><strong><span style=\"color: #339966;\">Cronograma<\/span><\/strong><\/p>\n<table>\n<tbody>\n<tr>\n<td><strong>C\u00e1mara de llamada<\/strong><\/td>\n<td><strong>Inicio de prueba<\/strong><\/td>\n<td><strong>Prueba a realizar<\/strong><\/td>\n<\/tr>\n<tr>\n<td>15:30hs<\/td>\n<td>16:00hs<\/td>\n<td>5000 metros<\/p>\n<p>Lanzamiento Bala<\/p>\n<p>Salto en Largo<\/td>\n<\/tr>\n<tr>\n<td>16:00hs<\/td>\n<td>16:30hs<\/td>\n<td>5000m<\/td>\n<\/tr>\n<tr>\n<td>16:30hs<\/td>\n<td>17:00hs<\/td>\n<td>80m con vallas<\/p>\n<p>100m\/110m con vallas<\/p>\n<p>&nbsp;<\/td>\n<\/tr>\n<tr>\n<td>17:00hs<\/td>\n<td>17:30hs<\/p>\n<p>&nbsp;<\/td>\n<td>80m \/ 100m llanos<\/p>\n<p>Lanzamiento Jabalina<\/p>\n<p>Salto en Alto<\/td>\n<\/tr>\n<tr>\n<td>17:15hs<\/td>\n<td>17:45hs<\/td>\n<td>80m\/100m llanos<\/td>\n<\/tr>\n<tr>\n<td>17:30hs<\/td>\n<td>18:00hs<\/td>\n<td>800m<\/td>\n<\/tr>\n<tr>\n<td>17:45hs<\/td>\n<td>18:15hs<\/td>\n<td>400m llanos\/ 400 con vallas<\/td>\n<\/tr>\n<tr>\n<td>18:30hs<\/td>\n<td>19:00hs<\/td>\n<td>1500m<\/p>\n<p>&nbsp;<\/p>\n<p>Salto Triple<\/p>\n<p>&nbsp;<\/p>\n<p>Lanzamiento Disco<\/td>\n<\/tr>\n<\/tbody>\n<\/table>\n","protected":false},"excerpt":{"rendered":"<p>Con la fiscalizaci\u00f3n de la Federaci\u00f3n Sanjuanina de Atletismo &#8211; FAS -, se desarrolla el S\u00e1bado, 4 de Marzo, el<\/p>\n","protected":false},"author":3,"featured_media":56936,"comment_status":"closed","ping_status":"closed","sticky":false,"template":"","format":"standard","meta":{"_acf_changed":false,"_seopress_robots_primary_cat":"none","_seopress_titles_title":"","_seopress_titles_desc":"","_seopress_robots_index":"","colormag_page_container_layout":"default_layout","colormag_page_sidebar_layout":"default_layout","footnotes":""},"categories":[6],"tags":[],"class_list":["post-56933","post","type-post","status-publish","format-standard","has-post-thumbnail","hentry","category-eventos"],"acf":[],"_links":{"self":[{"href":"https:\/\/vocesparalelas.com.ar\/sitio\/wp-json\/wp\/v2\/posts\/56933","targetHints":{"allow":["GET"]}}],"collection":[{"href":"https:\/\/vocesparalelas.com.ar\/sitio\/wp-json\/wp\/v2\/posts"}],"about":[{"href":"https:\/\/vocesparalelas.com.ar\/sitio\/wp-json\/wp\/v2\/types\/post"}],"author":[{"embeddable":true,"href":"https:\/\/vocesparalelas.com.ar\/sitio\/wp-json\/wp\/v2\/users\/3"}],"replies":[{"embeddable":true,"href":"https:\/\/vocesparalelas.com.ar\/sitio\/wp-json\/wp\/v2\/comments?post=56933"}],"version-history":[{"count":1,"href":"https:\/\/vocesparalelas.com.ar\/sitio\/wp-json\/wp\/v2\/posts\/56933\/revisions"}],"predecessor-version":[{"id":56937,"href":"https:\/\/vocesparalelas.com.ar\/sitio\/wp-json\/wp\/v2\/posts\/56933\/revisions\/56937"}],"wp:featuredmedia":[{"embeddable":true,"href":"https:\/\/vocesparalelas.com.ar\/sitio\/wp-json\/wp\/v2\/media\/56936"}],"wp:attachment":[{"href":"https:\/\/vocesparalelas.com.ar\/sitio\/wp-json\/wp\/v2\/media?parent=56933"}],"wp:term":[{"taxonomy":"category","embeddable":true,"href":"https:\/\/vocesparalelas.com.ar\/sitio\/wp-json\/wp\/v2\/categories?post=56933"},{"taxonomy":"post_tag","embeddable":true,"href":"https:\/\/vocesparalelas.com.ar\/sitio\/wp-json\/wp\/v2\/tags?post=56933"}],"curies":[{"name":"wp","href":"https:\/\/api.w.org\/{rel}","templated":true}]}}