{"id":56915,"date":"2023-02-27T23:23:18","date_gmt":"2023-02-28T02:23:18","guid":{"rendered":"https:\/\/vocesparalelas.com.ar\/sitio\/?p=56915"},"modified":"2023-02-28T02:23:33","modified_gmt":"2023-02-28T05:23:33","slug":"acuerdo-salarial-de-san-juan-alcanzo-el-711-y-es-uno-de-los-mejores-de-argentina","status":"publish","type":"post","link":"https:\/\/vocesparalelas.com.ar\/sitio\/acuerdo-salarial-de-san-juan-alcanzo-el-711-y-es-uno-de-los-mejores-de-argentina\/","title":{"rendered":"Acuerdo salarial de San Juan alcanz\u00f3 el 71,1 % y es uno de los mejores de Argentina"},"content":{"rendered":"<p>Tras escuchar a todos los sectores en reuniones simult\u00e1neas, las autoridades presentaron una nueva propuesta que fue aceptada por los representantes gremiales.<\/p>\n<p>En reuniones paralelas, gremios docentes, UDAP, UDA y AMET y no docente, UPCN, ATE, Sindicato M\u00e9dico, ATSA, SITRAVIAP, ASPROSA, SOEME, Luz y Fuerza y Sugara, negociaron un nuevo acuerdo salarial para el 2023 con<br \/>\nel Gobierno de San Juan, acordando lo siguiente:<\/p>\n<ul>\n<li><span style=\"color: #339966;\"><strong>Incremento acumulado 2023 del 71,1 %<\/strong><\/span><\/li>\n<\/ul>\n<p>Marzo alcanzar\u00e1 el 41,1 %, acumulado, Enero 5,1 %; Febrero 6 % y 30 % Marzo 2023.<br \/>\nSeptiembre 10 %<br \/>\nNoviembre 20 %<\/p>\n<ul>\n<li><strong><span style=\"color: #339966;\">\u00cdndice de actualizaci\u00f3n salarial<\/span><\/strong><\/li>\n<\/ul>\n<p>A partir del mes de marzo de 2023, cuando el \u00edndice de inflaci\u00f3n acumulada publicado por INDEC desde enero 2023 con m\u00e1s 5 puntos porcentuales, supere el incremento porcentual acumulado de los salarios 2023 a dicha fecha, se aplicar\u00e1 el \u00edndice de actualizaci\u00f3n. A tal efecto se tomar\u00e1 el \u00edndice de variaci\u00f3n porcentual mensual del periodo referido y se aplicar\u00e1 sobre los salarios del mes anterior.<\/p>\n<ul>\n<li><span style=\"color: #339966;\"><strong>Cl\u00e1usula de revisi\u00f3n<\/strong><\/span><\/li>\n<\/ul>\n<p>En base a la inflaci\u00f3n acumulada e independiente del \u00cdndice de Actualizaci\u00f3n Salarial, el Gobierno convocar\u00e1 a revisi\u00f3n de acuerdo salarial en julio.<\/p>\n<p>Asimismo, el Gobierno de San Juan mantiene abierto de manera permanente el di\u00e1logo con los sectores gremiales como pol\u00edtica de Estado.<\/p>\n<ul>\n<li><span style=\"color: #339966;\"><strong>Otras medidas<\/strong><\/span><\/li>\n<\/ul>\n<p>El Gobierno comunic\u00f3 a los gremios estatales que los convocar\u00e1 a una reuni\u00f3n para analizar un borrador de proyecto de modificaci\u00f3n de caja mutual.<\/p>\n<p><span style=\"color: #339966;\"><strong>CON ESTOS AUMENTOS, SAN JUAN CIERRA UNO DE LOS MEJORES ACUERDOS SALARIALES DE ARGENTINA<\/strong><\/span><\/p>\n<ul>\n<li><strong><span style=\"color: #339966;\">Este nuevo acuerdo salarial significa un fuerte impacto en el presupuesto provincial:<\/span><\/strong><\/li>\n<\/ul>\n<p>Cada punto de incremento implica la suma de 120 millones de pesos por mes, por lo que un 41,1% suma 4.900 millones de pesos mensuales.<\/p>\n<p>El acuerdo logrado implica la redistribuci\u00f3n de partidas presupuestarias, ya que este incremento eleva la n\u00f3mina salarial de $13.500.000.000 a $18.432.000.000 a partir de marzo.<\/p>\n<p>Asimismo, y en virtud que la prioridad del Gobierno de San Juan es asegurar la educaci\u00f3n de los sanjuaninos, y en ese marco; garantizar los 190 d\u00edas de clase obligatorios, se acord\u00f3 en acta paritaria con el sector docente lo<br \/>\nsiguiente:<\/p>\n<ul>\n<li><span style=\"color: #339966;\"><strong>Valor \u00edndice a partir de salarios de marzo de 2023<\/strong><\/span><\/li>\n<\/ul>\n<p>Fijar el valor \u00edndice a partir de los salarios del mes de marzo de 2023 en 163,2530, de manera tal que el sueldo b\u00e1sico (A01) del cargo testigo maestro de grado jornada simple queda determinado en $66.933,72, el valor de la hora c\u00e1tedra nivel medio $4.462,25 y el valor de la hora c\u00e1tedra nivel superior en $5.577,81.<\/p>\n<ul>\n<li><strong><span style=\"color: #339966;\">Valor \u00edndice a partir de salarios de septiembre de 2023<\/span><\/strong><\/li>\n<\/ul>\n<p>Fijar el valor \u00edndice, a partir de los salarios del mes de septiembre de 2023, en 174,8230, de manera tal que el sueldo b\u00e1sico (A01) del cargo testigo maestro de grado jornada simple queda determinado en $71.677,43, el valor de la<br \/>\nhora c\u00e1tedra nivel medio en $4.778,50 y el valor de la hora c\u00e1tedra nivel superior $5.973,12.<\/p>\n<ul>\n<li><strong><span style=\"color: #339966;\">Valor \u00edndice a partir de salarios de noviembre 2023<\/span><\/strong><\/li>\n<\/ul>\n<p>Fijar el valor \u00edndice a partir de los salarios del mes de noviembre de 2023 en 197,9630, de manera tal que el sueldo b\u00e1sico (A01) del cargo testigo maestro de grado jornada simple queda determinado en $81.164,83, el valor de la<br \/>\nhora c\u00e1tedra nivel medio en $5.410,99 y el valor de la hora c\u00e1tedra nivel superior en $6.763,74.<\/p>\n<ul>\n<li><strong><span style=\"color: #339966;\">Modificaci\u00f3n en la Asignaci\u00f3n A56 y E66<\/span><\/strong><\/li>\n<\/ul>\n<p>&nbsp;<\/p>\n<ul>\n<li><span style=\"color: #339966;\"><strong>Garant\u00eda de la paritaria docente nacional<\/strong><\/span><\/li>\n<\/ul>\n<p>Establecer que el Gobierno de San Juan ratifica su total garant\u00eda de cumplimiento de todos los puntos de la Paritaria Nacional Docente acordada y las a acordar en el futuro. Es decir, cualquier convenio que implique una mejora en las condiciones para los docentes en tal paritaria nacional, ser\u00e1 implementada en la Provincia de San Juan.<\/p>\n<ul>\n<li><span style=\"color: #339966;\"><strong>Salario Neto Docente Provincial Garantizado &#8211; SNDPG<\/strong><\/span><\/li>\n<\/ul>\n<p>Establecer que el Gobierno de la Provincia de San Juan contin\u00faa garantizando el Salario Neto Docente Provincial Garantizado, equivalente al Salario M\u00ednimo Nacional Docente Garantizado (SNDPG) establecido en Acta Paritaria<br \/>\nNacional Docente de fecha 17 de febrero 2023, art\u00edculo 2\u00b0, Anexo Tabla 1, incrementado en un 30% o sus equivalentes en horas c\u00e1tedra nivel medio y superior. A los fines de las horas c\u00e1tedra, se considera la proporci\u00f3n de 12 horas c\u00e1tedra para el nivel superior y 15 horas c\u00e1tedra para el nivel secundario, para el c\u00e1lculo de este SNDPG, incluido en este el Fondo Nacional de Incentivo Docente y Conectividad Nacional.<\/p>\n<p>Salvo modificaci\u00f3n en m\u00e1s, el Salario Neto Docente Provincial Garantizado para los haberes del mes de marzo 2023 es de $137.991, para mayo 2023 de $147.386 y para julio de 2023 de $156.781.<\/p>\n<ul>\n<li><strong><span style=\"color: #339966;\">\u00cdndice de actualizaci\u00f3n salarial<\/span><\/strong><\/li>\n<\/ul>\n<p>A partir del mes de marzo 2023, cuando el \u00edndice de inflaci\u00f3n acumulada publicado por INDEC desde enero 2023 con m\u00e1s 5 puntos porcentuales supere el incremento porcentual acumulado de los salarios 2023 a dicha fecha, se aplicar\u00e1 el \u00edndice de actualizaci\u00f3n. A tal efecto se tomar\u00e1 el \u00edndice de variaci\u00f3n porcentual mensual del periodo referido y se aplicar\u00e1 sobre los salarios del mes anterior.<\/p>\n<ul>\n<li><strong><span style=\"color: #339966;\">Mecanismo de revisi\u00f3n salarial:<\/span><\/strong><\/li>\n<\/ul>\n<p>Las partes acuerdan una instancia de revisi\u00f3n para el mes de julio de 2023.<br \/>\nEjemplos:<\/p>\n<p>Con este acuerdo, un maestro de grado jornada completa con 0 (cero) a\u00f1os de antig\u00fcedad, radio 1, pasar\u00e1 a cobrar en marzo del 2023 $191.216,00 neto, mientras que los que cuentan con 25 a\u00f1os de antig\u00fcedad cobrar\u00e1n $328.471,00 neto.<\/p>\n<p>El valor de la hora c\u00e1tedra para secundaria en marzo del 2023 ser\u00e1 de $9.199,41 neto para docentes sin antig\u00fcedad y radio 1, y de $11.388,80 neto para un docente con 25 a\u00f1os de antig\u00fcedad y Radio 1.<\/p>\n<ul>\n<li><span style=\"color: #339966;\"><strong>Redistribuci\u00f3n del gasto p\u00fablico<\/strong><\/span><\/li>\n<\/ul>\n<p>Este nuevo esfuerzo del Gobierno provincial obliga a redistribuir el presupuesto de los ministerios y fijar prioridades en cada uno de ellos, as\u00ed como monitorear de forma permanente el flujo de la recaudaci\u00f3n y de los niveles de consumo, a efectos de realizar proyecciones para mantener el equilibrio fiscal.<\/p>\n<p>En cuanto a la obra p\u00fablica, se ver\u00e1n impactadas aquellas que a\u00fan no se iniciaron. Las obras que est\u00e1n iniciadas y\/o en proceso licitatorio continuar\u00e1n.<\/p>\n<p>Como Gobierno Provincial y siendo responsables de la administraci\u00f3n de los recursos de todos los sanjuaninas y sanjuaninos, sostenemos la obligaci\u00f3n de pagar los d\u00edas trabajados, garantizando la prestaci\u00f3n de los servicios del<br \/>\nEstado<\/p>\n","protected":false},"excerpt":{"rendered":"<p>Tras escuchar a todos los sectores en reuniones simult\u00e1neas, las autoridades presentaron una nueva propuesta que fue aceptada por los<\/p>\n","protected":false},"author":3,"featured_media":25616,"comment_status":"closed","ping_status":"closed","sticky":false,"template":"","format":"standard","meta":{"_acf_changed":false,"_seopress_robots_primary_cat":"none","_seopress_titles_title":"","_seopress_titles_desc":"","_seopress_robots_index":"","colormag_page_container_layout":"default_layout","colormag_page_sidebar_layout":"default_layout","footnotes":""},"categories":[1],"tags":[],"class_list":["post-56915","post","type-post","status-publish","format-standard","has-post-thumbnail","hentry","category-destacadas"],"acf":[],"_links":{"self":[{"href":"https:\/\/vocesparalelas.com.ar\/sitio\/wp-json\/wp\/v2\/posts\/56915","targetHints":{"allow":["GET"]}}],"collection":[{"href":"https:\/\/vocesparalelas.com.ar\/sitio\/wp-json\/wp\/v2\/posts"}],"about":[{"href":"https:\/\/vocesparalelas.com.ar\/sitio\/wp-json\/wp\/v2\/types\/post"}],"author":[{"embeddable":true,"href":"https:\/\/vocesparalelas.com.ar\/sitio\/wp-json\/wp\/v2\/users\/3"}],"replies":[{"embeddable":true,"href":"https:\/\/vocesparalelas.com.ar\/sitio\/wp-json\/wp\/v2\/comments?post=56915"}],"version-history":[{"count":1,"href":"https:\/\/vocesparalelas.com.ar\/sitio\/wp-json\/wp\/v2\/posts\/56915\/revisions"}],"predecessor-version":[{"id":56918,"href":"https:\/\/vocesparalelas.com.ar\/sitio\/wp-json\/wp\/v2\/posts\/56915\/revisions\/56918"}],"wp:featuredmedia":[{"embeddable":true,"href":"https:\/\/vocesparalelas.com.ar\/sitio\/wp-json\/wp\/v2\/media\/25616"}],"wp:attachment":[{"href":"https:\/\/vocesparalelas.com.ar\/sitio\/wp-json\/wp\/v2\/media?parent=56915"}],"wp:term":[{"taxonomy":"category","embeddable":true,"href":"https:\/\/vocesparalelas.com.ar\/sitio\/wp-json\/wp\/v2\/categories?post=56915"},{"taxonomy":"post_tag","embeddable":true,"href":"https:\/\/vocesparalelas.com.ar\/sitio\/wp-json\/wp\/v2\/tags?post=56915"}],"curies":[{"name":"wp","href":"https:\/\/api.w.org\/{rel}","templated":true}]}}