{"id":56905,"date":"2023-02-27T21:00:34","date_gmt":"2023-02-28T00:00:34","guid":{"rendered":"https:\/\/vocesparalelas.com.ar\/sitio\/?p=56905"},"modified":"2023-02-28T00:59:21","modified_gmt":"2023-02-28T03:59:21","slug":"la-fiesta-nacional-del-sol-2023-cerro-con-un-espectaculo-de-produccion-caracteristico-de-san-juan","status":"publish","type":"post","link":"https:\/\/vocesparalelas.com.ar\/sitio\/la-fiesta-nacional-del-sol-2023-cerro-con-un-espectaculo-de-produccion-caracteristico-de-san-juan\/","title":{"rendered":"La Fiesta Nacional del Sol 2023 cerr\u00f3 con un espect\u00e1culo de producci\u00f3n caracter\u00edstico de San Juan"},"content":{"rendered":"<p>\u201cConectados, nos unen las peque\u00f1as historias\u00bb fue un show tecnol\u00f3gico de car\u00e1cter sensorial que lleg\u00f3 a cada uno del p\u00fablico.\u00a0El Espect\u00e1culo Final estuvo dirigido por Mart\u00edn Ferres y guionado por Luis \u00c1vila junto a Leo Ferres en su adaptaci\u00f3n, propuesta que cautiv\u00f3 al p\u00fablico presente y que\u00a0tuvo, adem\u00e1s de una gran puesta en escena art\u00edstica, un magn\u00edfico juego de luces y pantallas en donde lo virtual se fusion\u00f3 con la realidad.<\/p>\n<p>En esta oportunidad, el objetivo principal del espect\u00e1culo fue\u00a0mostrar y jerarquizar a la juventud, valorizar lo que est\u00e1n haciendo en estos nuevos sistemas de tecnolog\u00eda, creando nuevos puestos de trabajo y generando infinitas posibilidades de creaci\u00f3n. Tambi\u00e9n estuvo atravesado por el cruce intergeneracional, en donde los protagonistas recurrieron a los mayores para conocer las ra\u00edces, la tradici\u00f3n y entender que lo que sucede actualmente tiene una relaci\u00f3n con el pasado. Tambi\u00e9n se mostr\u00f3 que de parte de las generaciones m\u00e1s grandes reciben contenci\u00f3n y son escuchados. De esta manera, aprendieron a ser receptores positivos y a comprenderlos para crecer juntos como sociedad.<\/p>\n<p>La introducci\u00f3n del Espect\u00e1culo Final fue una impactante emulaci\u00f3n de un videojuego de zombies, que buscaba mostrar una sinergia entre la realidad y la virtualidad para conseguir una conexi\u00f3n. Esto se represent\u00f3 a trav\u00e9s de la\u00a0pasi\u00f3n por el f\u00fatbol, las danzas folkl\u00f3ricas como el malambo pero tambi\u00e9n con el flamenco, ritmos urbanos, nuevos g\u00e9neros y diversidades.<\/p>\n<p>En cuanto a los protagonistas, fueron tres j\u00f3venes emprendedores que llevaron a cabo su labor en el \u00e1mbito online. Sin embargo, la permanencia extensa en redes trae como consecuencia un sentimiento de soledad, de sentirse vac\u00edos, lo cual les provoc\u00f3 la necesidad de salir a preguntarse por el verdadero significado de qu\u00e9 es estar conectados. De esta manera, demostraron que las conexiones se dan en los dos planos y que las relaciones, el amor y las tradiciones le dan sentido a sus vidas.<\/p>\n<p>As\u00ed, transitaron diferentes escenarios de la realidad virtual, de videojuegos y redes, al igual que de la realidad material y en un cruce intergeneracional, encontrando as\u00ed una aproximaci\u00f3n a su pregunta inicial. Estar conectados es por la v\u00eda del amor. Y cuando el amor es una br\u00fajula, el camino es el correcto. El Espect\u00e1culo de este a\u00f1o, con m\u00e1s de 400 artistas, puso \u00e9nfasis y la representatividad en la gente, los talentos y los j\u00f3venes sanjuaninos.<\/p>\n<p>Los artistas brillaron con vestuarios modernos y tradicionales, con los juegos de pantallas que mostraban lugares ic\u00f3nicos de nuestra provincia contando peque\u00f1as historias.<\/p>\n<p>Cabe destacar que\u00a0la m\u00fasica de esta puesta fue con La Camerata en vivo, piezas que se generaron especialmente para este show. El cierre estuvo a cargo de la banda de FNS con la voz de Emi Soler y una impactante puesta con los m\u00fasicos.<\/p>\n<p>Al final, el cierre se dio con una canci\u00f3n sumamente tradicional para los sanjuaninos como Vallecito de Huaco, la cual despert\u00f3 gran emoci\u00f3n en el p\u00fablico y le puso el broche de oro a la edici\u00f3n 2023 de la Fiesta Nacional del Sol que, sin dudas, quedar\u00e1 en el recuerdo.<\/p>\n<p><span style=\"color: #339966;\"><strong>Los personajes protag\u00f3nicos<\/strong><\/span><\/p>\n<p>Brisa, interpretada por Julieta Coria, es jugadora profesional de E-Sports (deportes electr\u00f3nicos), lo que la llev\u00f3 a convertirse en influencer. Tambi\u00e9n estuvo Nano, a cargo de Mat\u00edas Puig, un streamer y fan\u00e1tico de juegos estilo arcade, simulaci\u00f3n, lucha y estrategia. Y, por \u00faltimo, Federico Lucero interpret\u00f3 a Grego, un joven m\u00fasico, productor y DJ que genera contenido online. Adem\u00e1s, comercializa su trabajo en eventos digitales y fiestas.<\/p>\n<p><strong><span style=\"color: #339966;\">Puesta t\u00e9cnica<\/span><\/strong><\/p>\n<p>La puesta tecnol\u00f3gica se desarroll\u00f3 en un escenario de 2008 metros cuadrados de estructura tubular, 95 metros de largo por 21 de alto y 18 metros de profundidad. Estuvo equipado con dispositivos de sonido e iluminaci\u00f3n de \u00faltima tecnolog\u00eda y cont\u00f3 con m\u00e1s de 1000 metros de pantalla para contenido audiovisual y una gran cantidad de efectos especiales.<\/p>\n<p>Por su parte, la caja esc\u00e9nica secundaria tuvo a La Camerata en vivo, m\u00fasicos de c\u00e1mara, banda de rock y m\u00fasico con consolas digitales, ensamblados para el Espect\u00e1culo Final.<\/p>\n<p>&nbsp;<\/p>\n<p>&nbsp;<\/p>\n","protected":false},"excerpt":{"rendered":"<p>\u201cConectados, nos unen las peque\u00f1as historias\u00bb fue un show tecnol\u00f3gico de car\u00e1cter sensorial que lleg\u00f3 a cada uno del p\u00fablico.\u00a0El<\/p>\n","protected":false},"author":3,"featured_media":56909,"comment_status":"closed","ping_status":"closed","sticky":false,"template":"","format":"standard","meta":{"_acf_changed":false,"_seopress_robots_primary_cat":"none","_seopress_titles_title":"","_seopress_titles_desc":"","_seopress_robots_index":"","colormag_page_container_layout":"default_layout","colormag_page_sidebar_layout":"default_layout","footnotes":""},"categories":[1],"tags":[],"class_list":["post-56905","post","type-post","status-publish","format-standard","has-post-thumbnail","hentry","category-destacadas"],"acf":[],"_links":{"self":[{"href":"https:\/\/vocesparalelas.com.ar\/sitio\/wp-json\/wp\/v2\/posts\/56905","targetHints":{"allow":["GET"]}}],"collection":[{"href":"https:\/\/vocesparalelas.com.ar\/sitio\/wp-json\/wp\/v2\/posts"}],"about":[{"href":"https:\/\/vocesparalelas.com.ar\/sitio\/wp-json\/wp\/v2\/types\/post"}],"author":[{"embeddable":true,"href":"https:\/\/vocesparalelas.com.ar\/sitio\/wp-json\/wp\/v2\/users\/3"}],"replies":[{"embeddable":true,"href":"https:\/\/vocesparalelas.com.ar\/sitio\/wp-json\/wp\/v2\/comments?post=56905"}],"version-history":[{"count":1,"href":"https:\/\/vocesparalelas.com.ar\/sitio\/wp-json\/wp\/v2\/posts\/56905\/revisions"}],"predecessor-version":[{"id":56908,"href":"https:\/\/vocesparalelas.com.ar\/sitio\/wp-json\/wp\/v2\/posts\/56905\/revisions\/56908"}],"wp:featuredmedia":[{"embeddable":true,"href":"https:\/\/vocesparalelas.com.ar\/sitio\/wp-json\/wp\/v2\/media\/56909"}],"wp:attachment":[{"href":"https:\/\/vocesparalelas.com.ar\/sitio\/wp-json\/wp\/v2\/media?parent=56905"}],"wp:term":[{"taxonomy":"category","embeddable":true,"href":"https:\/\/vocesparalelas.com.ar\/sitio\/wp-json\/wp\/v2\/categories?post=56905"},{"taxonomy":"post_tag","embeddable":true,"href":"https:\/\/vocesparalelas.com.ar\/sitio\/wp-json\/wp\/v2\/tags?post=56905"}],"curies":[{"name":"wp","href":"https:\/\/api.w.org\/{rel}","templated":true}]}}