{"id":56901,"date":"2023-02-27T23:00:24","date_gmt":"2023-02-28T02:00:24","guid":{"rendered":"https:\/\/vocesparalelas.com.ar\/sitio\/?p=56901"},"modified":"2023-02-28T01:04:49","modified_gmt":"2023-02-28T04:04:49","slug":"becas-de-formacion-manglar-2023-de-los-artistas-de-san-juan-ganadores","status":"publish","type":"post","link":"https:\/\/vocesparalelas.com.ar\/sitio\/becas-de-formacion-manglar-2023-de-los-artistas-de-san-juan-ganadores\/","title":{"rendered":"\u00abBecas de Formaci\u00f3n Manglar 2023\u00bb de los Artistas de San Juan ganadores"},"content":{"rendered":"<p>Los artistas de San Juan pudieron acceder a un programa anual de an\u00e1lisis y producci\u00f3n en artes visuales, a trav\u00e9s de las Becas de Formaci\u00f3n Manglar 2023 del Museo Provincial de Bellas Artes Franklin Rawson, dependiente del Ministerio de Turismo y Cultura del Gobierno de San Juan.<\/p>\n<p>En la presente edici\u00f3n, resultaron ganadores: Valeria Diaz (Manglar Virtual) y Enzo Luciano Piantanida (Manglar Ac\u00e9fala). Ahora, los becarios podr\u00e1n acceder al cursado completo en forma gratuita, el cual va de marzo a noviembre de 2023.<\/p>\n<p>Dicho programa est\u00e1 planteado como un espacio abierto a la exploraci\u00f3n y problematizaci\u00f3n de las pr\u00e1cticas po\u00e9ticas contempor\u00e1neas en su diversidad y complejidad. Adem\u00e1s, propone articular herramientas para el abordaje cr\u00edtico y anal\u00edtico e incentivar la producci\u00f3n art\u00edstica y\/o curatorial, el debate y la reflexi\u00f3n.<\/p>\n<p>La propuesta tambi\u00e9n incluye un laboratorio experimental de construcci\u00f3n cr\u00edtica de pensamiento, discurso y subjetividades alternativas, con aproximaciones que puedan potenciar y enriquecer los procesos y procedimientos de las pr\u00e1cticas art\u00edsticas y curatoriales, reflexionando sobre los procesos y proyectos en su construcci\u00f3n discursiva conceptual y po\u00e9tica, en la confecci\u00f3n de textos y portfolios.<\/p>\n<p>Estas becas de formaci\u00f3n MPBAFR Manglar 2023 ofrecen dos modalidades: por un lado, Manglar Virtual, destinado a artistas visuales, curadores y estudiantes avanzados que residan en San Juan. Mientras que Manglar Ac\u00e9fala est\u00e1 destinado a artistas visuales, curadores y estudiantes avanzados sanjuaninos residiendo en Buenos Aires.<\/p>\n<p>El programa es coordinado por un equipo de destacados docentes del campo de las artes, como Andres Labak\u00e9, Adriana Bustos, Ticio Escobar, Silvia Gurfein, Claudia del R\u00edo, Miguel Harte, M\u00f3nica Heller, Pablo Insurralde y Soledad S\u00e1nchez Goldar.<\/p>\n<p>Una vez finalizado, deber\u00e1n realizar una contraprestaci\u00f3n a convenir con las instituciones partes. Cabe mencionar que el jurado encargado de la selecci\u00f3n estuvo conformado por: un representante del programa MANGLAR, uno de Ac\u00e9fala Galer\u00eda, uno del Museo Provincial de Bellas Artes Franklin Rawson y uno del Ministerio de Turismo y Cultura del Gobierno de San Juan.<\/p>\n","protected":false},"excerpt":{"rendered":"<p>Los artistas de San Juan pudieron acceder a un programa anual de an\u00e1lisis y producci\u00f3n en artes visuales, a trav\u00e9s<\/p>\n","protected":false},"author":3,"featured_media":39924,"comment_status":"closed","ping_status":"closed","sticky":false,"template":"","format":"standard","meta":{"_acf_changed":false,"_seopress_robots_primary_cat":"none","_seopress_titles_title":"","_seopress_titles_desc":"","_seopress_robots_index":"","colormag_page_container_layout":"default_layout","colormag_page_sidebar_layout":"default_layout","footnotes":""},"categories":[1],"tags":[],"class_list":["post-56901","post","type-post","status-publish","format-standard","has-post-thumbnail","hentry","category-destacadas"],"acf":[],"_links":{"self":[{"href":"https:\/\/vocesparalelas.com.ar\/sitio\/wp-json\/wp\/v2\/posts\/56901","targetHints":{"allow":["GET"]}}],"collection":[{"href":"https:\/\/vocesparalelas.com.ar\/sitio\/wp-json\/wp\/v2\/posts"}],"about":[{"href":"https:\/\/vocesparalelas.com.ar\/sitio\/wp-json\/wp\/v2\/types\/post"}],"author":[{"embeddable":true,"href":"https:\/\/vocesparalelas.com.ar\/sitio\/wp-json\/wp\/v2\/users\/3"}],"replies":[{"embeddable":true,"href":"https:\/\/vocesparalelas.com.ar\/sitio\/wp-json\/wp\/v2\/comments?post=56901"}],"version-history":[{"count":1,"href":"https:\/\/vocesparalelas.com.ar\/sitio\/wp-json\/wp\/v2\/posts\/56901\/revisions"}],"predecessor-version":[{"id":56904,"href":"https:\/\/vocesparalelas.com.ar\/sitio\/wp-json\/wp\/v2\/posts\/56901\/revisions\/56904"}],"wp:featuredmedia":[{"embeddable":true,"href":"https:\/\/vocesparalelas.com.ar\/sitio\/wp-json\/wp\/v2\/media\/39924"}],"wp:attachment":[{"href":"https:\/\/vocesparalelas.com.ar\/sitio\/wp-json\/wp\/v2\/media?parent=56901"}],"wp:term":[{"taxonomy":"category","embeddable":true,"href":"https:\/\/vocesparalelas.com.ar\/sitio\/wp-json\/wp\/v2\/categories?post=56901"},{"taxonomy":"post_tag","embeddable":true,"href":"https:\/\/vocesparalelas.com.ar\/sitio\/wp-json\/wp\/v2\/tags?post=56901"}],"curies":[{"name":"wp","href":"https:\/\/api.w.org\/{rel}","templated":true}]}}