{"id":56889,"date":"2023-02-27T22:55:45","date_gmt":"2023-02-28T01:55:45","guid":{"rendered":"https:\/\/vocesparalelas.com.ar\/sitio\/?p=56889"},"modified":"2023-02-27T22:55:45","modified_gmt":"2023-02-28T01:55:45","slug":"hacia-la-construccion-del-microhospital-stella-molina-en-el-departamento-san-martin-de-san-juan","status":"publish","type":"post","link":"https:\/\/vocesparalelas.com.ar\/sitio\/hacia-la-construccion-del-microhospital-stella-molina-en-el-departamento-san-martin-de-san-juan\/","title":{"rendered":"Hacia la construcci\u00f3n del microhospital Stella Molina en el Departamento San Mart\u00edn de San Juan"},"content":{"rendered":"<p>La ministra de Salud, Dra. Alejandra Venerando junto al ministro de Obras y Servicios P\u00fablicos, Ing. Julio Ortiz Andino y el intendente de la Municipalidad de San Mart\u00edn, CPN Cristian Andino, detallaron en una conferencia de prensa los avances de la futura construcci\u00f3n del microhospital Stella Molina en el Departamento San Mart\u00edn.<\/p>\n<p>En primer lugar, la Dra. Alejandra Venerando agradeci\u00f3 a las autoridades presentes y destac\u00f3 el trabajo articulado entre los organismos para la construcci\u00f3n del establecimiento al destacar que \u00aben materia de infraestructura el microhospital Stella Molina nos qued\u00f3 reducido en sus dimensiones estructurales para la poblaci\u00f3n que tenemos y por otro lado, todas las dependencias que se requieren para tener un hospital de verdadera envergadura este hospital a\u00fan no las tiene\u201d.<\/p>\n<p>\u201cDebido a la actual infraestructura, los pacientes deben derivarse al hospital de Caucete; es por ese motivo que estamos trabajando para que dichas personas puedan atenderse cerca de sus domicilios\u201d.<\/p>\n<p>la Dra. Venerando destac\u00f3 que el nuevo hospital contar\u00e1 con 10 consultorios compuestos con camas de internaci\u00f3n, con la idea de mejorar el \u00e1rea y as\u00ed disponer de un mejor servicio para todos los pacientes.<\/p>\n<p>\u201cGracias a las caracter\u00edsticas que va a tener este hospital, se va a mejorar incre\u00edblemente todas las condiciones y capacidades que requiere la salud del departamento. El Gobierno de la Provincia de San Juan, a trav\u00e9s del ministerio de Obras y Servicios P\u00fablicos llam\u00f3 a licitaci\u00f3n p\u00fablica para la construcci\u00f3n del futuro nosocomio, que estar\u00e1 ubicado en la avenida Sarmiento, predio del ex Parque Industrial del departamento San Mart\u00edn\u00bb.<\/p>\n<p>Seguidamente, el intendente de la Municipalidad de San Mart\u00edn, CPN Cristian Andino destac\u00f3 que \u00abactualmente, ante una situaci\u00f3n compleja, el paciente debe ser trasladado al hospital Rawson o Marcial Quiroga con todo el trastorno que significa trasladarse de un departamento a otro, tanto para familiares como para el paciente en s\u00ed\u201d.<\/p>\n<p>\u201cEs por ese motivo que la construcci\u00f3n del nuevo hospital significa empezar a concretar un gran sue\u00f1o para todos los vecinos y vecinas de San Mart\u00edn. Hoy comienza la cuenta regresiva para que esto sea una realidad\u201d, mencion\u00f3 el intendente.<\/p>\n<p>El hospital est\u00e1 modelado \u00edntegramente con tecnolog\u00eda BIM, ser\u00e1 un centro de referencia para la regi\u00f3n, con una superficie cubierta aproximada de 3.725.09 m<sup>2<\/sup>.<\/p>\n<p>La instituci\u00f3n sanitaria estar\u00e1 equipada totalmente por el Ministerio de Salud, como as\u00ed tambi\u00e9n es competencia de la cartera sanitaria el lugar donde ser\u00e1 emplazado.<\/p>\n<p>El presupuesto oficial asciende a $ 1.627.012.413,26 pesos y el plazo de construcci\u00f3n ser\u00e1 de 720 d\u00edas corridos, comput\u00e1ndose desde la fecha de firma del Acta de Iniciaci\u00f3n de los Trabajos.<\/p>\n<p>Por otro lado, el Ing. Ortiz Andino habl\u00f3 sobre la infraestructura del mismo y dijo que \u00abtenemos siete licitaciones pendientes de realizar vinculadas con el tema de salud.\u201d Adem\u00e1s resalt\u00f3 que el d\u00eda mi\u00e9rcoles 29 de marzo se abrir\u00e1n los sobres de esta importante obra remarc\u00f3 que \u00abesperamos en esta oportunidad, tener una importante cantidad de ofertas para empezar lo m\u00e1s r\u00e1pido la construcci\u00f3n del mismo\u201d.<\/p>\n<p>\u201cEl hospital se construir\u00e1 en un terreno cedido por el municipio, compuesto por tres hect\u00e1reas y tendr\u00e1 una medida de 7.725 m<sup>2,\u00a0<\/sup>ser\u00e1 el segundo de los hospital con metodolog\u00eda BIM\u201d<\/p>\n<p>La instituci\u00f3n contar\u00e1 con acceso peatonal, acceso al sector de urgencia y un ingreso vehicular diferenciado con garita de control para ambulancias. Adem\u00e1s tendr\u00e1 una v\u00eda de veh\u00edculos del personal y servicios con playa de maniobras.<\/p>\n<p>Asimismo, el hospital poseer\u00e1 \u00e1rea administraci\u00f3n, SUM, consultorios externos, rayos, kinesiolog\u00eda y laboratorio, internaci\u00f3n, urgencias, farmacia, apoyatura y servicios generales. Servicio de Guardia de Urgencias para 24hs, con 2 consultorios y 4 box de atenci\u00f3n.<\/p>\n<p>Por otra parte, cabe destacar que la t\u00e9cnica BIM centraliza toda la informaci\u00f3n del proyecto en un \u00fanico modelo de informaci\u00f3n creado por todos los datos con que se cuente. Esta aplicaci\u00f3n de software tambi\u00e9n prev\u00e9 la soluci\u00f3n de problemas en la construcci\u00f3n anticipadamente, facilita el uso de materiales prefabricados y permite desarrollar obras m\u00e1s eficientes y sustentables.<\/p>\n","protected":false},"excerpt":{"rendered":"<p>La ministra de Salud, Dra. Alejandra Venerando junto al ministro de Obras y Servicios P\u00fablicos, Ing. Julio Ortiz Andino y<\/p>\n","protected":false},"author":3,"featured_media":56892,"comment_status":"closed","ping_status":"closed","sticky":false,"template":"","format":"standard","meta":{"_acf_changed":false,"_seopress_robots_primary_cat":"none","_seopress_titles_title":"","_seopress_titles_desc":"","_seopress_robots_index":"","colormag_page_container_layout":"default_layout","colormag_page_sidebar_layout":"default_layout","footnotes":""},"categories":[1],"tags":[],"class_list":["post-56889","post","type-post","status-publish","format-standard","has-post-thumbnail","hentry","category-destacadas"],"acf":[],"_links":{"self":[{"href":"https:\/\/vocesparalelas.com.ar\/sitio\/wp-json\/wp\/v2\/posts\/56889","targetHints":{"allow":["GET"]}}],"collection":[{"href":"https:\/\/vocesparalelas.com.ar\/sitio\/wp-json\/wp\/v2\/posts"}],"about":[{"href":"https:\/\/vocesparalelas.com.ar\/sitio\/wp-json\/wp\/v2\/types\/post"}],"author":[{"embeddable":true,"href":"https:\/\/vocesparalelas.com.ar\/sitio\/wp-json\/wp\/v2\/users\/3"}],"replies":[{"embeddable":true,"href":"https:\/\/vocesparalelas.com.ar\/sitio\/wp-json\/wp\/v2\/comments?post=56889"}],"version-history":[{"count":1,"href":"https:\/\/vocesparalelas.com.ar\/sitio\/wp-json\/wp\/v2\/posts\/56889\/revisions"}],"predecessor-version":[{"id":56893,"href":"https:\/\/vocesparalelas.com.ar\/sitio\/wp-json\/wp\/v2\/posts\/56889\/revisions\/56893"}],"wp:featuredmedia":[{"embeddable":true,"href":"https:\/\/vocesparalelas.com.ar\/sitio\/wp-json\/wp\/v2\/media\/56892"}],"wp:attachment":[{"href":"https:\/\/vocesparalelas.com.ar\/sitio\/wp-json\/wp\/v2\/media?parent=56889"}],"wp:term":[{"taxonomy":"category","embeddable":true,"href":"https:\/\/vocesparalelas.com.ar\/sitio\/wp-json\/wp\/v2\/categories?post=56889"},{"taxonomy":"post_tag","embeddable":true,"href":"https:\/\/vocesparalelas.com.ar\/sitio\/wp-json\/wp\/v2\/tags?post=56889"}],"curies":[{"name":"wp","href":"https:\/\/api.w.org\/{rel}","templated":true}]}}