{"id":56877,"date":"2023-02-27T21:30:33","date_gmt":"2023-02-28T00:30:33","guid":{"rendered":"https:\/\/vocesparalelas.com.ar\/sitio\/?p=56877"},"modified":"2023-02-27T21:45:14","modified_gmt":"2023-02-28T00:45:14","slug":"conferencia-los-telescopios-espaciales-webb-y-roman-que-sigue","status":"publish","type":"post","link":"https:\/\/vocesparalelas.com.ar\/sitio\/conferencia-los-telescopios-espaciales-webb-y-roman-que-sigue\/","title":{"rendered":"Conferencia \u00abLos telescopios espaciales Webb y Roman \u00bfQu\u00e9 sigue?\u00bb"},"content":{"rendered":"<p>En la Facultad de Ciencias Exactas, F\u00edsicas y Naturales &#8211; FCEFN &#8211; de la Universidad Nacional de San Juan informa que el Martes, 28 de Febrero, desde las 11.30 hs.; en la Sala Multimedia, el Cient\u00edfico Dr. Lucas Paganini expone la conferencia \u00abLos telescopios espaciales Webb y Roman \u00bfQu\u00e9 sigue?\u00bb, quien se desempe\u00f1a en la sede central de la Administraci\u00f3n Nacional de Aeron\u00e1utica y el Espacio &#8211; NASA.<\/p>\n<p>Esto significa las misiones Webb realizadas recientemente, telescopio James Webb y sobre c\u00f3mo se est\u00e1 construyendo el telescopio Roman, telescopio Nancy Grace Roman, que se lanzar\u00e1 en el 2027. El telescopio Roman explorar\u00e1 el universo de luz infrarroja para revelar los secretos de exoplaneta y materia oscura.<\/p>\n<p>Adem\u00e1s, este cient\u00edfico de Programa de la Nasa que lider\u00f3 un equipo que descubri\u00f3 vapor de agua en Europa, una de las 79 lunas de J\u00fapiter, compartir\u00e1 vivencias sobre su trayectoria profesional.<\/p>\n<p><span style=\"color: #339966;\"><strong>Desde la Embajada de Estados Unidos<\/strong><\/span><\/p>\n<p>Por otro lado, a las 10.30, Aaron Tiffany, Consejero en Medio Ambiente, Ciencia, Tecnolog\u00eda y Salud de la Embajada de Estados Unidos, se reunir\u00e1 en el Consejo Directivo de la FCEFN con personal cient\u00edfico del Observatorio Astron\u00f3mico F\u00e9lix Aguilar y con la vicedecana Dra. Natalia N\u00fa\u00f1ez. El objetivo es estrechar lazos cient\u00edficos y tecnol\u00f3gicos y concretar intercambios de personal cient\u00edfico en estad\u00edas cortas.<\/p>\n<p><img loading=\"lazy\" decoding=\"async\" class=\"alignnone size-large wp-image-22760\" src=\"https:\/\/vocesparalelas.com.ar\/sitio\/wp-content\/uploads\/2019\/08\/FCEFN-UNSJ-INGRESO-800x600.jpg\" alt=\"\" width=\"800\" height=\"600\" srcset=\"https:\/\/vocesparalelas.com.ar\/sitio\/wp-content\/uploads\/2019\/08\/FCEFN-UNSJ-INGRESO-800x600.jpg 800w, https:\/\/vocesparalelas.com.ar\/sitio\/wp-content\/uploads\/2019\/08\/FCEFN-UNSJ-INGRESO-300x225.jpg 300w, https:\/\/vocesparalelas.com.ar\/sitio\/wp-content\/uploads\/2019\/08\/FCEFN-UNSJ-INGRESO-768x576.jpg 768w, https:\/\/vocesparalelas.com.ar\/sitio\/wp-content\/uploads\/2019\/08\/FCEFN-UNSJ-INGRESO.jpg 1000w\" sizes=\"auto, (max-width: 800px) 100vw, 800px\" \/><\/p>\n","protected":false},"excerpt":{"rendered":"<p>En la Facultad de Ciencias Exactas, F\u00edsicas y Naturales &#8211; FCEFN &#8211; de la Universidad Nacional de San Juan informa<\/p>\n","protected":false},"author":3,"featured_media":56880,"comment_status":"closed","ping_status":"closed","sticky":false,"template":"","format":"standard","meta":{"_acf_changed":false,"_seopress_robots_primary_cat":"none","_seopress_titles_title":"","_seopress_titles_desc":"","_seopress_robots_index":"","colormag_page_container_layout":"default_layout","colormag_page_sidebar_layout":"default_layout","footnotes":""},"categories":[1],"tags":[],"class_list":["post-56877","post","type-post","status-publish","format-standard","has-post-thumbnail","hentry","category-destacadas"],"acf":[],"_links":{"self":[{"href":"https:\/\/vocesparalelas.com.ar\/sitio\/wp-json\/wp\/v2\/posts\/56877","targetHints":{"allow":["GET"]}}],"collection":[{"href":"https:\/\/vocesparalelas.com.ar\/sitio\/wp-json\/wp\/v2\/posts"}],"about":[{"href":"https:\/\/vocesparalelas.com.ar\/sitio\/wp-json\/wp\/v2\/types\/post"}],"author":[{"embeddable":true,"href":"https:\/\/vocesparalelas.com.ar\/sitio\/wp-json\/wp\/v2\/users\/3"}],"replies":[{"embeddable":true,"href":"https:\/\/vocesparalelas.com.ar\/sitio\/wp-json\/wp\/v2\/comments?post=56877"}],"version-history":[{"count":3,"href":"https:\/\/vocesparalelas.com.ar\/sitio\/wp-json\/wp\/v2\/posts\/56877\/revisions"}],"predecessor-version":[{"id":56883,"href":"https:\/\/vocesparalelas.com.ar\/sitio\/wp-json\/wp\/v2\/posts\/56877\/revisions\/56883"}],"wp:featuredmedia":[{"embeddable":true,"href":"https:\/\/vocesparalelas.com.ar\/sitio\/wp-json\/wp\/v2\/media\/56880"}],"wp:attachment":[{"href":"https:\/\/vocesparalelas.com.ar\/sitio\/wp-json\/wp\/v2\/media?parent=56877"}],"wp:term":[{"taxonomy":"category","embeddable":true,"href":"https:\/\/vocesparalelas.com.ar\/sitio\/wp-json\/wp\/v2\/categories?post=56877"},{"taxonomy":"post_tag","embeddable":true,"href":"https:\/\/vocesparalelas.com.ar\/sitio\/wp-json\/wp\/v2\/tags?post=56877"}],"curies":[{"name":"wp","href":"https:\/\/api.w.org\/{rel}","templated":true}]}}