{"id":56873,"date":"2023-02-27T13:49:47","date_gmt":"2023-02-27T16:49:47","guid":{"rendered":"https:\/\/vocesparalelas.com.ar\/sitio\/?p=56873"},"modified":"2023-02-27T13:49:47","modified_gmt":"2023-02-27T16:49:47","slug":"reunion-paritaria-docente-y-otros-sectores-en-san-juan","status":"publish","type":"post","link":"https:\/\/vocesparalelas.com.ar\/sitio\/reunion-paritaria-docente-y-otros-sectores-en-san-juan\/","title":{"rendered":"Reuni\u00f3n Paritaria docente y otros sectores en San Juan"},"content":{"rendered":"<p>Atento a que los gremios que han realizado la consulta a sus \u00f3rganos estatutarios correspondientes acerca de la propuesta del Gobierno de San Juan en mejora salarial durante la reuni\u00f3n paritaria 2023, los Ministerios de Educaci\u00f3n y de Hacienda y Finanzas han decidido convocar a la reuni\u00f3n para el Lunes, 27 de Febrero.<\/p>\n<p>Las mismas se desarrollan<\/p>\n<ul>\n<li>A las 17 hs.; con los gremios representativos del Sector Docente, en el Ministerio de Educaci\u00f3n.<\/li>\n<li>A las 19 hs.; con los gremios que representan a los otros sectores de la Administraci\u00f3n P\u00fablica, en la Sala de Situaci\u00f3n del Ministerio de Hacienda y Finanzas.<\/li>\n<\/ul>\n","protected":false},"excerpt":{"rendered":"<p>Atento a que los gremios que han realizado la consulta a sus \u00f3rganos estatutarios correspondientes acerca de la propuesta del<\/p>\n","protected":false},"author":3,"featured_media":56691,"comment_status":"closed","ping_status":"closed","sticky":false,"template":"","format":"standard","meta":{"_acf_changed":false,"_seopress_robots_primary_cat":"none","_seopress_titles_title":"","_seopress_titles_desc":"","_seopress_robots_index":"","colormag_page_container_layout":"default_layout","colormag_page_sidebar_layout":"default_layout","footnotes":""},"categories":[1],"tags":[],"class_list":["post-56873","post","type-post","status-publish","format-standard","has-post-thumbnail","hentry","category-destacadas"],"acf":[],"_links":{"self":[{"href":"https:\/\/vocesparalelas.com.ar\/sitio\/wp-json\/wp\/v2\/posts\/56873","targetHints":{"allow":["GET"]}}],"collection":[{"href":"https:\/\/vocesparalelas.com.ar\/sitio\/wp-json\/wp\/v2\/posts"}],"about":[{"href":"https:\/\/vocesparalelas.com.ar\/sitio\/wp-json\/wp\/v2\/types\/post"}],"author":[{"embeddable":true,"href":"https:\/\/vocesparalelas.com.ar\/sitio\/wp-json\/wp\/v2\/users\/3"}],"replies":[{"embeddable":true,"href":"https:\/\/vocesparalelas.com.ar\/sitio\/wp-json\/wp\/v2\/comments?post=56873"}],"version-history":[{"count":1,"href":"https:\/\/vocesparalelas.com.ar\/sitio\/wp-json\/wp\/v2\/posts\/56873\/revisions"}],"predecessor-version":[{"id":56876,"href":"https:\/\/vocesparalelas.com.ar\/sitio\/wp-json\/wp\/v2\/posts\/56873\/revisions\/56876"}],"wp:featuredmedia":[{"embeddable":true,"href":"https:\/\/vocesparalelas.com.ar\/sitio\/wp-json\/wp\/v2\/media\/56691"}],"wp:attachment":[{"href":"https:\/\/vocesparalelas.com.ar\/sitio\/wp-json\/wp\/v2\/media?parent=56873"}],"wp:term":[{"taxonomy":"category","embeddable":true,"href":"https:\/\/vocesparalelas.com.ar\/sitio\/wp-json\/wp\/v2\/categories?post=56873"},{"taxonomy":"post_tag","embeddable":true,"href":"https:\/\/vocesparalelas.com.ar\/sitio\/wp-json\/wp\/v2\/tags?post=56873"}],"curies":[{"name":"wp","href":"https:\/\/api.w.org\/{rel}","templated":true}]}}