{"id":56861,"date":"2023-02-25T20:39:00","date_gmt":"2023-02-25T23:39:00","guid":{"rendered":"https:\/\/vocesparalelas.com.ar\/sitio\/?p=56861"},"modified":"2023-02-26T01:22:30","modified_gmt":"2023-02-26T04:22:30","slug":"brillo-la-creatividad-del-carrusel-del-sol-en-la-fns-2023-en-san-juan","status":"publish","type":"post","link":"https:\/\/vocesparalelas.com.ar\/sitio\/brillo-la-creatividad-del-carrusel-del-sol-en-la-fns-2023-en-san-juan\/","title":{"rendered":"Brill\u00f3 la creatividad del Carrusel del Sol en la FNS 2023 en San Juan"},"content":{"rendered":"<p>El Cors\u00f3dromo del Costanera Complejo Ferial, el Viernes, 24 de Febrero, el Carrusel del Sol, el evento que celebra la identidad de cada departamento de San Juan y fue posible gracias al trabajo de m\u00e1s de 1700 sanjuaninos.<\/p>\n<p>El gobernador Sergio U\u00f1ac, acompa\u00f1ado por su esposa, Silvana Rodr\u00edguez; la ministra de Turismo y Cultura, Claudia Grynszpan junto al resto del gabinete provincial y los 19 intendentes se hizo presente en la multitudinaria celebraci\u00f3n que mostr\u00f3 un importante despliegue de color, ingenio y creatividad a trav\u00e9s de los carruajes presentados por los municipios, m\u00e1s uno del Gobierno de San Juan y otro de la Comunidad Valenciana, mientras que la Comunidad Boliviana particip\u00f3 en la banda musical.<\/p>\n<p>Cada carruaje respondi\u00f3 a la tem\u00e1tica de la FNS 2023: \u201cConectados\u201d, mostrando qu\u00e9 une a cada departamento y colectividad. Adem\u00e1s, los carros estuvieron acompa\u00f1ados por 20 nexos conformados por 700 bailarines, que conectaban un municipio con otro.<\/p>\n<p>Previo al inicio del espect\u00e1culo, el gobernador U\u00f1ac se refiri\u00f3 a la gran convocatoria del evento y valor\u00f3 la tarea de \u00abquienes son parte de la fiesta: los artistas, expositores y los trabajadores; m\u00e1s de 10 mil personas que son parte de la generaci\u00f3n de este hecho cultural y econ\u00f3mico que genera la Fiesta del Sol\u201d.<\/p>\n<p>El mandatario asimismo se refiri\u00f3 a la relevancia a nivel nacional que ha adquirido en los \u00faltimos a\u00f1os la FNS y destac\u00f3 el hecho de que \u00abuna de las fiestas m\u00e1s importantes e imponentes del pa\u00eds se desarrolle a m\u00e1s de 1000 km de la Capital Federal\u00bb.<\/p>\n<p><strong><span style=\"color: #339966;\">Los 19 carruajes, en detalle<\/span><\/strong><\/p>\n<p><strong><span style=\"color: #339966;\">Albard\u00f3n: \u00abDe la tierra a la tierra\u00bb<\/span><\/strong><\/p>\n<p>Conexi\u00f3n entre el presente y el pasado, Albard\u00f3n es monta\u00f1as y es tierra cultivada.<\/p>\n<p>En las sierras del Villicum, donde habitaron sus ancestros y se abrazaron al suelo, nace un Gigante deportivo que se abre al mundo y cada vez que rugen los motores atrae a visitantes de todas partes.<\/p>\n<p>Albard\u00f3n un pueblo que trabaja en los vi\u00f1edos bajo el sol inclemente del verano.<\/p>\n<p>Es tierra de grandes artistas, de miner\u00eda y desarrollo tur\u00edstico.<\/p>\n<p>Su comunidad vuelve sobre sus artes ancestrales, mira al futuro sin olvidar sus ra\u00edces.<\/p>\n<p><span style=\"color: #339966;\"><strong>Angaco: \u00abConectados con el deporte\u00bb<\/strong><\/span><\/p>\n<p>Angaco, pueblo bicentenario, semillero de grandes deportistas como Daniel Efra\u00edn \u00abPitufo\u00bb Castro \u201d o Eduardo \u201cVieja\u201d Bustos, ciclistas de la \u00c9poca de Oro que se ganaron el coraz\u00f3n de todos y trascendieron las fronteras de su departamento.<\/p>\n<p>Sin\u00f3nimo de pasi\u00f3n, lucha y sue\u00f1os posibles.<\/p>\n<p>Los \u00eddolos de ayer escribieron historias extraordinarias que cautivaron a generaciones enteras, sembraron la pasi\u00f3n en miles de ni\u00f1os y ni\u00f1as que siguieron su camino.<\/p>\n<p>Esta tierra ha dado ciclistas, futbolistas y patinadores con los mismos sue\u00f1os de aquellos, de quienes aprendieron a nunca darse por vencidos. Angaco, Tierra de sue\u00f1os y gloria.<\/p>\n<p><span style=\"color: #339966;\"><strong>Calingasta: \u00abConectados desde el amor\u00bb<\/strong><\/span><\/p>\n<p>\u201cLas auroras te nombran, domador de las cumbres, peregrino de los astros\u201d.<\/p>\n<p>Las manos trabajadoras de su pueblo son la brisa que une a los valles con su historia.<\/p>\n<p>Calingasta es el r\u00edo que fecunda y conecta con el alma.<\/p>\n<p>En sus entra\u00f1as resuenan los rugidos de temblores, testigos de su ardiente coraz\u00f3n encendido, que nutre de amor a los imponentes valles andinos.<\/p>\n<p>Su inmenso amor une a cada uno de sus hijos y en un eterno abrazo de roc\u00edo hecho r\u00edo, recorre y conecta doce diamantes en un eterno camino de plata.<\/p>\n<p><span style=\"color: #339966;\"><strong>Caucete: \u00abPaisajes, tradici\u00f3n, sue\u00f1os y fe\u00bb<\/strong><\/span><\/p>\n<p>Camino del origen que entrelaza la fe y el dinamismo de un pueblo. Antiguas y modernas construcciones conviven en un suelo castigado por las fuerzas de la tierra. La industria, el comercio y el trabajo agr\u00edcola florecen por de la templanza de su gente.<\/p>\n<p>En la Ciudad del Este, las diagonales esconden secretos de una historia que sus habitantes guardan como peque\u00f1os tesoros. Rutas hacia otros destinos.<\/p>\n<p>En Vallecito hace siglos, una mujer se\u00f1al\u00f3 el camino de la fecundidad del pueblo. Desde entonces, Deolinda es la guardiana incansable que vela por la pujanza de sus hijos.<\/p>\n<p><span style=\"color: #339966;\"><strong>Capital: \u00abCiudad andante\u00bb<\/strong><\/span><\/p>\n<p>Capital sus modernas construcciones se alzan desafiando la memoria de un pasado devastador. La ciudad volvi\u00f3 a levantarse sobre su traza antigua renaciendo para conjugar el pasado y el presente.<\/p>\n<p>El Campanil se alza en el centro de la urbe, y desde la altura custodia el progreso.<\/p>\n<p>Capital sigue transform\u00e1ndose en una apuesta incesante por el futuro. Es la Ciudad del encuentro, espacio de experiencias compartidas.<\/p>\n<p><span style=\"color: #339966;\"><strong>Chimbas: \u00abConectados con el desarrollo sostenible\u00bb<\/strong><\/span><\/p>\n<p>Desde siempre, esta \u201corilla del r\u00edo\u201d nos conect\u00f3 con la historia, la Columna Cabot pas\u00f3 por aqu\u00ed en su camino a la gloria.<\/p>\n<p>Desafiando los embates del r\u00edo y la dureza de la tierra, logramos que Chimbas se transformara en hogar y fuera esa mano que sostiene y alienta.<\/p>\n<p>Hoy, desde la alegr\u00eda del Carnaval y el trabajo fecundo, bregamos por estar conectados con el desarrollo sostenible, apostando al progreso, al cuidado del ambiente y al crecimiento de nuestro pueblo.<\/p>\n<p><span style=\"color: #339966;\"><strong>J\u00e1chal: \u00abFuego que conecta almas, fog\u00f3n que encuentra el momento justo para ser parte\u00bb<\/strong><\/span><\/p>\n<p>En J\u00e1chal el fuego es uni\u00f3n, calor, pasi\u00f3n y energ\u00eda, fuerza y sabidur\u00eda. Sus llamas conectan, re\u00fanen a hombres y mujeres que cuentan historias a su alrededor.<\/p>\n<p>Desde tiempos inmemoriales los pueblos originarios vieron la luz en la lumbre, se protegieron con ella e hicieron rituales.<\/p>\n<p>En la majestuosa Cordillera andina los H\u00c9ROES JACHALLEROS marcharon junto al Comandante Cabot a la luz y el calor del fuego y de sus sue\u00f1os libertarios.<\/p>\n<p>J\u00e1chal es fuego, es pasi\u00f3n, es fog\u00f3n que re\u00fane, es historia, es identidad.<\/p>\n<p><span style=\"color: #339966;\"><strong>Iglesia: \u00abTierra ancestral, anfitriona del mundo\u00bb<\/strong><\/span><\/p>\n<p>Legendarias tierras abrigadas por cordones monta\u00f1osos, bendecidas con tesoros naturales, portadoras de riquezas ancestrales, manantiales y surgentes dadores de vida y sanaci\u00f3n.<\/p>\n<p>El Dique donde el Viento arrecia, hombres y mujeres desaf\u00edan las alturas y experimentan la sensaci\u00f3n de volar.<\/p>\n<p>Iglesia, portal al mundo. Punto de encuentro entre los viajeros y el viento.<\/p>\n<p><span style=\"color: #339966;\"><strong>9 de Julio: \u00abAlguaciles\u00bb<\/strong><\/span><\/p>\n<p>Hijos de huarpes, labriegos con pieles bronceadas por soles sin tiempo, hund\u00edan sus anchadas en el vientre salino de la tierra. Su sudor regaba los alfalfares.<\/p>\n<p>En los tiempos de sequ\u00eda los sue\u00f1os quedaron truncos, hasta que llegaron los alguaciles y sus alas transparentes anunciaron el alivio, con ellos vino la lluvia.<\/p>\n<p>Desde entonces cada temporada, 9 de Julio espera a las lib\u00e9lulas, pues sus habitantes saben que en su equipaje traen consigo los sue\u00f1os de su pueblo.<\/p>\n<p><span style=\"color: #339966;\"><strong>Rawson: \u00abPulsaciones\u00bb<\/strong><\/span><\/p>\n<p>En el sur de San Juan, un departamento se desarrolla por la fuerza de sus habitantes. Su motor es el trabajo; su fortaleza, la pasi\u00f3n.<\/p>\n<p>Rawson es campo y es urbe, desdibuja sus contornos y extiende sus l\u00edmites.<\/p>\n<p>Acompasando sus corazones en un mismo latido, sus pobladores tejen redes desde los tiempos de anta\u00f1o y son testigos y protagonistas de su progreso.<\/p>\n<p><span style=\"color: #339966;\"><strong>Pocito: \u00abPocito, mito y leyenda\u00bb<\/strong><\/span><\/p>\n<p>En el sur vivi\u00f3 una mujer que sacaba pepitas m\u00e1gicas de un pocito. En sus manos eran oro, en las de otros, tierra yerma.<\/p>\n<p>Cuenta la leyenda que la India Mariana llegaba con las crecientes, cuando el manto de nieve empezaba a deshilacharse en la cordillera y que cada vez que aparec\u00eda, las vainas del algarrobo crec\u00edan y maduraban.<\/p>\n<p>Los habitantes de este pueblo, saben que Mariana es su guardiana y vig\u00eda y mantienen para s\u00ed, el secreto del pocito. Las pepitas de la India son sus dones: la tierra f\u00e9rtil, las manos laboriosas y templanza de su pueblo.<\/p>\n<p><span style=\"color: #339966;\"><strong>Rivadavia \u00abPilares de la Educaci\u00f3n\u00bb<\/strong><\/span><\/p>\n<p>La educaci\u00f3n nos conecta, nos permite conocer el pasado para intervenir en el presente y, sobre todo, planear el futuro.<\/p>\n<p>El libro es elemento esencial que ampl\u00eda los horizontes de un pueblo, cimentando su crecimiento. El birrete y la t\u00fanica, s\u00edmbolos de logros individuales y progreso colectivo.<\/p>\n<p>El porvenir est\u00e1 en la educaci\u00f3n: el conocimiento es el motor para la construcci\u00f3n de un futuro mejor.<\/p>\n<p><span style=\"color: #339966;\"><strong>San Mart\u00edn: \u00abFe y conocimiento&#8230; valores y futuro\u00bb<\/strong><\/span><\/p>\n<p>El Beato Ceferino Namunucur\u00e1 tiene entre sus manos una cruz y un libro. Es la fe y el conocimiento donde San Mart\u00edn cimienta su progreso a la luz de su inspirador.<\/p>\n<p>Los cuerpos celestes que se observan desde lo alto del santuario en la naciente del Pie de Palo, develan los misterios del Universo.<\/p>\n<p><span style=\"color: #339966;\"><strong>Sarmiento: \u00abTierra m\u00e1gica\u00bb<\/strong><\/span><\/p>\n<p>Paisaje infinito, all\u00ed la naturaleza hizo su magia.<\/p>\n<p>Pedernal esconde un tesoro, la Cascada de los Siete Saltos. Es un paisaje extraordinario donde el agua que brota de la piedra dibuja peque\u00f1os espejos y convierte el lugar en un sitio encantado.<\/p>\n<p>Sarmiento, la tierra donde las formaciones monta\u00f1osas ofrecen la riqueza de sus entra\u00f1as a hombres y mujeres que tallan la piedra.<\/p>\n<p><span style=\"color: #339966;\"><strong>Santa Luc\u00eda: \u00abMiradas que nos conectan\u00bb<\/strong><\/span><\/p>\n<p>Con la luz que irradia su patrona, Santa Luc\u00eda vuelve los ojos al pasado para construir una mirada hacia el futuro.<\/p>\n<p>Santa Luc\u00eda, all\u00ed donde las perspectivas nuevas y diversas hacen posible el cambio. All\u00ed donde las miradas se encuentran en un gesto de uni\u00f3n fraterna para trazar un destino com\u00fan.<\/p>\n<p>Santa Luc\u00eda, all\u00ed donde los ojos son el espejo del alma.<\/p>\n<p><span style=\"color: #339966;\"><strong>Valle F\u00e9rtil: \u00abUniendo sue\u00f1os\u00bb<\/strong><\/span><\/p>\n<p>Valle en el que se abren caminos en una geograf\u00eda generosa, donde las tejedoras conservan tradiciones ancestrales e hilan sue\u00f1os por generaciones.<\/p>\n<p>Tierra f\u00e9rtil en la que habita una comunidad que construye d\u00eda a d\u00eda su presente conservando el acervo cultural de sus antecesores.<\/p>\n<p>En Valle F\u00e9rtil los caminos unen los sue\u00f1os de su pueblo.<\/p>\n<p><span style=\"color: #339966;\"><strong>25 de Mayo: \u201cNacidos de la Tierra\u201d<\/strong><\/span><\/p>\n<p>Tierra de origen, espacio de pueblos ancestrales que supieron armonizar con el medio y aprender de la naturaleza.<\/p>\n<p>Cada una de las comunidades crece a la luz de las ense\u00f1anzas de sus antecesores y valora la Tierra como generadora de vida y proveedora de sustento.<\/p>\n<p>25 de Mayo, donde la historia amanece.<\/p>\n<p><span style=\"color: #339966;\"><strong>Ullum: \u00abPrecursor del auge y la vitalidad\u00bb<\/strong><\/span><\/p>\n<p>Es cordillera y fuente de agua. Tierra bendita desde el Colorado hasta el Dique de Ullum.<\/p>\n<p>Su riqueza es incontable. Irradia la energ\u00eda del sol y de sus espejos de agua, y atesora el metal dorado en sus monta\u00f1as.<\/p>\n<p>Ullum es la fuerza de su pueblo, noble, grande, en\u00e9rgico y valiente, tenaz y perseverante en b\u00fasqueda de nuevos horizontes.<\/p>\n<p><span style=\"color: #339966;\"><strong>Zonda: \u00abAscenso de fe y futuro\u00bb<\/strong><\/span><\/p>\n<p>Entre magn\u00edficos Azules se levantan las Sierras en Zonda.<\/p>\n<p>Miles de peregrinos recorren sus senderos y dibujan el camino de la Fe como peque\u00f1as luci\u00e9rnagas hasta llegar a lo alto.<\/p>\n<p>Zonda, pueblo fraterno que mira al futuro sin olvidar su historia.<\/p>\n<p><span style=\"color: #339966;\"><strong>El jurado del Carrusel del Sol 2023 \u201cConectados\u201d<\/strong><\/span><\/p>\n<ul>\n<li>Ana Gim\u00e9nez &#8211; Directora Esc. de Artes (UNSJ)<\/li>\n<li>Eliana Perniche \u2013 Dise\u00f1adora (UNSJ)<\/li>\n<li>Eduardo Ba\u00f1os &#8211; Dise\u00f1ador Industrial (UNSJ)<\/li>\n<li>Melisa Cabello \u2013 LETRAS<\/li>\n<li>Alejandra Lloveras \u2013 DANZA<\/li>\n<li>Ana Bel\u00e9n Toledo \u2013 Mirada integral \u2013 M\u00daSICA<\/li>\n<li>Mar\u00eda de los \u00c1ngeles Maestro \u2013 DANZA<\/li>\n<li>Carlos Fagale \u2013 MOZARTEUM<\/li>\n<li>Andrea Terranova \u2013 TEATRO<\/li>\n<li>Carolina Schvartz de Siere (Intituc\/ artes visuales)<\/li>\n<li>Carlos Gisbert \u2013 Escenograf\u00eda<\/li>\n<li>An\u00edbal Pe\u00f1a &#8211; Director Centro Cultural Conte Grand<\/li>\n<li>Emanuel D\u00edaz Ruiz &#8211; Director Museo Prov. Bellas Artes<\/li>\n<\/ul>\n","protected":false},"excerpt":{"rendered":"<p>El Cors\u00f3dromo del Costanera Complejo Ferial, el Viernes, 24 de Febrero, el Carrusel del Sol, el evento que celebra la<\/p>\n","protected":false},"author":3,"featured_media":56864,"comment_status":"closed","ping_status":"closed","sticky":false,"template":"","format":"standard","meta":{"_acf_changed":false,"_seopress_robots_primary_cat":"none","_seopress_titles_title":"","_seopress_titles_desc":"","_seopress_robots_index":"","colormag_page_container_layout":"default_layout","colormag_page_sidebar_layout":"default_layout","footnotes":""},"categories":[1],"tags":[],"class_list":["post-56861","post","type-post","status-publish","format-standard","has-post-thumbnail","hentry","category-destacadas"],"acf":[],"_links":{"self":[{"href":"https:\/\/vocesparalelas.com.ar\/sitio\/wp-json\/wp\/v2\/posts\/56861","targetHints":{"allow":["GET"]}}],"collection":[{"href":"https:\/\/vocesparalelas.com.ar\/sitio\/wp-json\/wp\/v2\/posts"}],"about":[{"href":"https:\/\/vocesparalelas.com.ar\/sitio\/wp-json\/wp\/v2\/types\/post"}],"author":[{"embeddable":true,"href":"https:\/\/vocesparalelas.com.ar\/sitio\/wp-json\/wp\/v2\/users\/3"}],"replies":[{"embeddable":true,"href":"https:\/\/vocesparalelas.com.ar\/sitio\/wp-json\/wp\/v2\/comments?post=56861"}],"version-history":[{"count":1,"href":"https:\/\/vocesparalelas.com.ar\/sitio\/wp-json\/wp\/v2\/posts\/56861\/revisions"}],"predecessor-version":[{"id":56865,"href":"https:\/\/vocesparalelas.com.ar\/sitio\/wp-json\/wp\/v2\/posts\/56861\/revisions\/56865"}],"wp:featuredmedia":[{"embeddable":true,"href":"https:\/\/vocesparalelas.com.ar\/sitio\/wp-json\/wp\/v2\/media\/56864"}],"wp:attachment":[{"href":"https:\/\/vocesparalelas.com.ar\/sitio\/wp-json\/wp\/v2\/media?parent=56861"}],"wp:term":[{"taxonomy":"category","embeddable":true,"href":"https:\/\/vocesparalelas.com.ar\/sitio\/wp-json\/wp\/v2\/categories?post=56861"},{"taxonomy":"post_tag","embeddable":true,"href":"https:\/\/vocesparalelas.com.ar\/sitio\/wp-json\/wp\/v2\/tags?post=56861"}],"curies":[{"name":"wp","href":"https:\/\/api.w.org\/{rel}","templated":true}]}}