{"id":56856,"date":"2023-02-25T21:29:31","date_gmt":"2023-02-26T00:29:31","guid":{"rendered":"https:\/\/vocesparalelas.com.ar\/sitio\/?p=56856"},"modified":"2023-04-16T20:15:06","modified_gmt":"2023-04-16T23:15:06","slug":"hacia-la-escuela-con-conocimiento-creatividad-y-disfrute-para-aprender-en-san-juan","status":"publish","type":"post","link":"https:\/\/vocesparalelas.com.ar\/sitio\/hacia-la-escuela-con-conocimiento-creatividad-y-disfrute-para-aprender-en-san-juan\/","title":{"rendered":"Hacia la Escuela con conocimiento, creatividad y disfrute para aprender en San Juan"},"content":{"rendered":"<p>En el auditorio Eloy Camus del Centro C\u00edvico, previo al inicio del Ciclo Lectivo 2023, la secretaria de Educaci\u00f3n del Ministerio del Gobierno de San Juan, Lic. Ana S\u00e1nchez mantuvo una reuni\u00f3n de trabajo con supervisores y directores de escuelas de Jornada Completa.<\/p>\n<p>Con una gran afluencia autoridades y educadores analizaron los ejes de trabajo contemplando las actividades para desarrollar la hora extra implementada en las escuelas primarias.<\/p>\n<p>S\u00e1nchez, convoc\u00f3 a los docentes a \u00abPensar la escuela que se tiene, proyectar la escuela que se quiere optimizando los recursos con los que se cuenta, implementado estrategias con creatividad, disfrute, para que los estudiantes puedan aprender\u201d<\/p>\n<p>La funcionaria destac\u00f3 las experiencias y vivencias logradas en las escuelas en la que se aplic\u00f3 el horario extendido en 2022 \u00abLa flexibilidad es esencial, hay que permitir que entre la cabeza, el conocimiento a la escuela, pero tambi\u00e9n el coraz\u00f3n. La parte cognitiva se enrique con el aporte del arte, m\u00fasica, el juego y todo sirve como herramienta para las pr\u00e1ctica educativa de ense\u00f1ar y aprender\u201d.<\/p>\n<p><iframe loading=\"lazy\" title=\"Ana S\u00e1nchez, secretaria de Educaci\u00f3n, en reuni\u00f3n con directores y supervisores de Jornada Completa\" width=\"800\" height=\"450\" src=\"https:\/\/www.youtube.com\/embed\/sKw2LQKReN0?feature=oembed\" frameborder=\"0\" allow=\"accelerometer; autoplay; clipboard-write; encrypted-media; gyroscope; picture-in-picture; web-share\" allowfullscreen><\/iframe><\/p>\n<p>&nbsp;<\/p>\n<p>La secretaria de Educaci\u00f3n manifest\u00f3 que este es el primer encuentro de varios que se suceder\u00e1n durante el a\u00f1o, para pensar en conjunto los proyectos pedag\u00f3gicos, con un trabajo colaborativo donde si es necesario se empezar\u00e1 de nuevo cuando se adviertan errores o situaciones que no permiten avanzar. Ratificando que cuentan con el apoyo y la libertad del Ministerio para elaborar y aplicar las metodolog\u00edas que crean convenientes.<\/p>\n<p>Posteriormente, en la Sala de Licitaciones, se desarroll\u00f3 la reuni\u00f3n con supervisores de Especialidades, que presidi\u00f3 la ministra de Educaci\u00f3n, Lic. Cecilia Trincado Moncho y la secretaria Lic. Ana S\u00e1nchez. Las funcionarias ratificaron la libertad que tendr\u00e1n para trabajar en proyectos innovadores, donde se ponga en valor el aprendizaje de los alumnos. Adem\u00e1s de atraer a los padres a la instituci\u00f3n para mostrarles el trabajo diario. El lograr la confluencia de c\u00e1tedras como la m\u00fasica, pintura, educaci\u00f3n f\u00edsica, entre oros.<\/p>\n<p>La ministra convoc\u00f3 a tener otra mirada que permita aggionar la pr\u00e1ctica educativa , donde haya una coherencia entre \u00e1reas, relacionando conocimientos que se pueden aprovechar con la incorporaci\u00f3n de la inform\u00e1tica, internet. Los inst\u00f3 a interpelarse y a repensar la forma de ense\u00f1ar.<\/p>\n","protected":false},"excerpt":{"rendered":"<p>En el auditorio Eloy Camus del Centro C\u00edvico, previo al inicio del Ciclo Lectivo 2023, la secretaria de Educaci\u00f3n del<\/p>\n","protected":false},"author":3,"featured_media":56859,"comment_status":"closed","ping_status":"closed","sticky":false,"template":"","format":"standard","meta":{"_acf_changed":false,"_seopress_robots_primary_cat":"none","_seopress_titles_title":"","_seopress_titles_desc":"","_seopress_robots_index":"","colormag_page_container_layout":"default_layout","colormag_page_sidebar_layout":"default_layout","footnotes":""},"categories":[10,7],"tags":[],"class_list":["post-56856","post","type-post","status-publish","format-standard","has-post-thumbnail","hentry","category-opiniones","category-videos"],"acf":[],"_links":{"self":[{"href":"https:\/\/vocesparalelas.com.ar\/sitio\/wp-json\/wp\/v2\/posts\/56856","targetHints":{"allow":["GET"]}}],"collection":[{"href":"https:\/\/vocesparalelas.com.ar\/sitio\/wp-json\/wp\/v2\/posts"}],"about":[{"href":"https:\/\/vocesparalelas.com.ar\/sitio\/wp-json\/wp\/v2\/types\/post"}],"author":[{"embeddable":true,"href":"https:\/\/vocesparalelas.com.ar\/sitio\/wp-json\/wp\/v2\/users\/3"}],"replies":[{"embeddable":true,"href":"https:\/\/vocesparalelas.com.ar\/sitio\/wp-json\/wp\/v2\/comments?post=56856"}],"version-history":[{"count":1,"href":"https:\/\/vocesparalelas.com.ar\/sitio\/wp-json\/wp\/v2\/posts\/56856\/revisions"}],"predecessor-version":[{"id":56860,"href":"https:\/\/vocesparalelas.com.ar\/sitio\/wp-json\/wp\/v2\/posts\/56856\/revisions\/56860"}],"wp:featuredmedia":[{"embeddable":true,"href":"https:\/\/vocesparalelas.com.ar\/sitio\/wp-json\/wp\/v2\/media\/56859"}],"wp:attachment":[{"href":"https:\/\/vocesparalelas.com.ar\/sitio\/wp-json\/wp\/v2\/media?parent=56856"}],"wp:term":[{"taxonomy":"category","embeddable":true,"href":"https:\/\/vocesparalelas.com.ar\/sitio\/wp-json\/wp\/v2\/categories?post=56856"},{"taxonomy":"post_tag","embeddable":true,"href":"https:\/\/vocesparalelas.com.ar\/sitio\/wp-json\/wp\/v2\/tags?post=56856"}],"curies":[{"name":"wp","href":"https:\/\/api.w.org\/{rel}","templated":true}]}}