{"id":56852,"date":"2023-02-25T22:20:51","date_gmt":"2023-02-26T01:20:51","guid":{"rendered":"https:\/\/vocesparalelas.com.ar\/sitio\/?p=56852"},"modified":"2023-02-26T13:04:08","modified_gmt":"2023-02-26T16:04:08","slug":"espectaculo-final-de-la-fns-2023-en-san-juan","status":"publish","type":"post","link":"https:\/\/vocesparalelas.com.ar\/sitio\/espectaculo-final-de-la-fns-2023-en-san-juan\/","title":{"rendered":"Espect\u00e1culo Final de la FNS 2023 en San Juan"},"content":{"rendered":"<p>Tras la suspensi\u00f3n de la \u00faltima noche de la Fiesta Nacional del Sol por razones clim\u00e1ticas, priorizando la salud y seguridad de los sanjuaninos, el Gobierno de San Juan informa que el Espect\u00e1culo Final se desarrolla el Domingo, 26 de Febrero, en el Escenario San Juan, a partir de las 21 horas, contando con la habilitaci\u00f3n de la oferta gastron\u00f3mica.<\/p>\n<p>Asimismo, se informa que no hay actividad en el predio ferial ni se realizan los espect\u00e1culos previstos en los restantes escenarios.<\/p>\n<p><span style=\"color: #339966;\"><strong>Informaci\u00f3n importante<\/strong><\/span><\/p>\n<p>Debido a la suspensi\u00f3n del espect\u00e1culo final las \u00abL\u00edneas del Sol\u00bb brindan servicio de transporte p\u00fablico de pasajeros de modo gratuito, con los mismos horarios y recorridos que hasta el momento.<\/p>\n<p>Partida desde las 19:00hs hasta las 23:00hs, y regreso desde la 01:00hs.<\/p>\n<p><strong><span style=\"color: #339966;\">Programa del\u00a0Domingo, 26 de Febrero<\/span><\/strong><\/p>\n<p>19 hs. Apertura de puertas del Predio<\/p>\n<p>21 hs.; Previa sorteos<\/p>\n<p>22 hs.; Espect\u00e1culo Final<\/p>\n<p>00:15 hs. BEAT LOCAL SUPPORT; FAUSTO M\u00c9NDEZ-VICX &#8211; ARDI POW;\u00a0RAMA M\u00c9NDEZ &#8211; SPADACCINI GERM\u00c1N CARRIZO.<\/p>\n","protected":false},"excerpt":{"rendered":"<p>Tras la suspensi\u00f3n de la \u00faltima noche de la Fiesta Nacional del Sol por razones clim\u00e1ticas, priorizando la salud y<\/p>\n","protected":false},"author":3,"featured_media":26579,"comment_status":"closed","ping_status":"closed","sticky":false,"template":"","format":"standard","meta":{"_acf_changed":false,"_seopress_robots_primary_cat":"none","_seopress_titles_title":"","_seopress_titles_desc":"","_seopress_robots_index":"","colormag_page_container_layout":"default_layout","colormag_page_sidebar_layout":"default_layout","footnotes":""},"categories":[1],"tags":[],"class_list":["post-56852","post","type-post","status-publish","format-standard","has-post-thumbnail","hentry","category-destacadas"],"acf":[],"_links":{"self":[{"href":"https:\/\/vocesparalelas.com.ar\/sitio\/wp-json\/wp\/v2\/posts\/56852","targetHints":{"allow":["GET"]}}],"collection":[{"href":"https:\/\/vocesparalelas.com.ar\/sitio\/wp-json\/wp\/v2\/posts"}],"about":[{"href":"https:\/\/vocesparalelas.com.ar\/sitio\/wp-json\/wp\/v2\/types\/post"}],"author":[{"embeddable":true,"href":"https:\/\/vocesparalelas.com.ar\/sitio\/wp-json\/wp\/v2\/users\/3"}],"replies":[{"embeddable":true,"href":"https:\/\/vocesparalelas.com.ar\/sitio\/wp-json\/wp\/v2\/comments?post=56852"}],"version-history":[{"count":4,"href":"https:\/\/vocesparalelas.com.ar\/sitio\/wp-json\/wp\/v2\/posts\/56852\/revisions"}],"predecessor-version":[{"id":56872,"href":"https:\/\/vocesparalelas.com.ar\/sitio\/wp-json\/wp\/v2\/posts\/56852\/revisions\/56872"}],"wp:featuredmedia":[{"embeddable":true,"href":"https:\/\/vocesparalelas.com.ar\/sitio\/wp-json\/wp\/v2\/media\/26579"}],"wp:attachment":[{"href":"https:\/\/vocesparalelas.com.ar\/sitio\/wp-json\/wp\/v2\/media?parent=56852"}],"wp:term":[{"taxonomy":"category","embeddable":true,"href":"https:\/\/vocesparalelas.com.ar\/sitio\/wp-json\/wp\/v2\/categories?post=56852"},{"taxonomy":"post_tag","embeddable":true,"href":"https:\/\/vocesparalelas.com.ar\/sitio\/wp-json\/wp\/v2\/tags?post=56852"}],"curies":[{"name":"wp","href":"https:\/\/api.w.org\/{rel}","templated":true}]}}