{"id":56842,"date":"2023-02-27T20:09:05","date_gmt":"2023-02-27T23:09:05","guid":{"rendered":"https:\/\/vocesparalelas.com.ar\/sitio\/?p=56842"},"modified":"2023-02-28T01:06:02","modified_gmt":"2023-02-28T04:06:02","slug":"vacacionarte-cierra-con-una-gran-exposicion-en-el-mpbafr-de-san-juan","status":"publish","type":"post","link":"https:\/\/vocesparalelas.com.ar\/sitio\/vacacionarte-cierra-con-una-gran-exposicion-en-el-mpbafr-de-san-juan\/","title":{"rendered":"Vacacionarte cierra con una gran exposici\u00f3n en el MPBAFR de San Juan"},"content":{"rendered":"<p>El Viernes, 3 de Marzo, a las 19:30 hs., se desarrolla en el Museo Provincial de Bellas Artes de San Juan se realiza con una gran muestra de trabajos con el cierre de Vacacionarte.<\/p>\n<p>El momento de la presentaci\u00f3n podr\u00e1 compartirse en familia y con amigos ya que la entrada ser\u00e1 libre y gratuita.<\/p>\n<p>Desde 2009, Vacacionarte se realiza con una gran concurrencia de ni\u00f1os, ni\u00f1as y adolescentes durante el receso escolar de verano. Est\u00e1 enmarcado en la modalidad de educaci\u00f3n no formal y su objetivo principal es fomentar una visi\u00f3n m\u00e1s amplia del arte, de sus distintos lenguajes y de las diversas formas de expresi\u00f3n y realizaci\u00f3n.<\/p>\n<p>En esta edici\u00f3n participaron m\u00e1s de 300 chicas y chicos, de entre 6 y 17 a\u00f1os, quienes desde el 30 de enero -primer d\u00eda de la colonia- llegaron al museo entusiasmados por aprender, crear y hacer nuevos amigos. Vacacionarte suma cada a\u00f1o nuevos participantes que vienen con muchas expectativas, ganas de pasarla bien y vivir nuevas experiencias a trav\u00e9s del arte en sus vacaciones de verano.<\/p>\n<p>Este a\u00f1o, la oferta fue amplia y variada a lo largo de cuatro semanas. Los distintos grupos participaron de talleres que abordaban diferentes disciplinas como yoga, danza, fotograf\u00eda, mural, bordado, laboratorio y pintura, entre muchos otros.<\/p>\n<figure id=\"attachment_39924\" aria-describedby=\"caption-attachment-39924\" style=\"width: 800px\" class=\"wp-caption alignnone\"><img loading=\"lazy\" decoding=\"async\" class=\"size-full wp-image-39924\" src=\"https:\/\/vocesparalelas.com.ar\/sitio\/wp-content\/uploads\/2021\/07\/MPBAFR-OBRA-02.jpg\" alt=\"\" width=\"800\" height=\"533\" srcset=\"https:\/\/vocesparalelas.com.ar\/sitio\/wp-content\/uploads\/2021\/07\/MPBAFR-OBRA-02.jpg 800w, https:\/\/vocesparalelas.com.ar\/sitio\/wp-content\/uploads\/2021\/07\/MPBAFR-OBRA-02-300x200.jpg 300w, https:\/\/vocesparalelas.com.ar\/sitio\/wp-content\/uploads\/2021\/07\/MPBAFR-OBRA-02-768x512.jpg 768w\" sizes=\"auto, (max-width: 800px) 100vw, 800px\" \/><figcaption id=\"caption-attachment-39924\" class=\"wp-caption-text\">Museo Provincial de Bellas Artes Franklin Rawson<\/figcaption><\/figure>\n<p>&nbsp;<\/p>\n","protected":false},"excerpt":{"rendered":"<p>El Viernes, 3 de Marzo, a las 19:30 hs., se desarrolla en el Museo Provincial de Bellas Artes de San<\/p>\n","protected":false},"author":3,"featured_media":34190,"comment_status":"closed","ping_status":"closed","sticky":false,"template":"","format":"standard","meta":{"_acf_changed":false,"_seopress_robots_primary_cat":"none","_seopress_titles_title":"","_seopress_titles_desc":"","_seopress_robots_index":"","colormag_page_container_layout":"default_layout","colormag_page_sidebar_layout":"default_layout","footnotes":""},"categories":[1],"tags":[],"class_list":["post-56842","post","type-post","status-publish","format-standard","has-post-thumbnail","hentry","category-destacadas"],"acf":[],"_links":{"self":[{"href":"https:\/\/vocesparalelas.com.ar\/sitio\/wp-json\/wp\/v2\/posts\/56842","targetHints":{"allow":["GET"]}}],"collection":[{"href":"https:\/\/vocesparalelas.com.ar\/sitio\/wp-json\/wp\/v2\/posts"}],"about":[{"href":"https:\/\/vocesparalelas.com.ar\/sitio\/wp-json\/wp\/v2\/types\/post"}],"author":[{"embeddable":true,"href":"https:\/\/vocesparalelas.com.ar\/sitio\/wp-json\/wp\/v2\/users\/3"}],"replies":[{"embeddable":true,"href":"https:\/\/vocesparalelas.com.ar\/sitio\/wp-json\/wp\/v2\/comments?post=56842"}],"version-history":[{"count":1,"href":"https:\/\/vocesparalelas.com.ar\/sitio\/wp-json\/wp\/v2\/posts\/56842\/revisions"}],"predecessor-version":[{"id":56845,"href":"https:\/\/vocesparalelas.com.ar\/sitio\/wp-json\/wp\/v2\/posts\/56842\/revisions\/56845"}],"wp:featuredmedia":[{"embeddable":true,"href":"https:\/\/vocesparalelas.com.ar\/sitio\/wp-json\/wp\/v2\/media\/34190"}],"wp:attachment":[{"href":"https:\/\/vocesparalelas.com.ar\/sitio\/wp-json\/wp\/v2\/media?parent=56842"}],"wp:term":[{"taxonomy":"category","embeddable":true,"href":"https:\/\/vocesparalelas.com.ar\/sitio\/wp-json\/wp\/v2\/categories?post=56842"},{"taxonomy":"post_tag","embeddable":true,"href":"https:\/\/vocesparalelas.com.ar\/sitio\/wp-json\/wp\/v2\/tags?post=56842"}],"curies":[{"name":"wp","href":"https:\/\/api.w.org\/{rel}","templated":true}]}}