{"id":56837,"date":"2023-02-24T15:25:46","date_gmt":"2023-02-24T18:25:46","guid":{"rendered":"https:\/\/vocesparalelas.com.ar\/sitio\/?p=56837"},"modified":"2023-02-28T01:07:47","modified_gmt":"2023-02-28T04:07:47","slug":"preinscripciones-para-el-ingreso-al-ciclo-preuniversitario-de-la-ffha-de-la-unsj","status":"publish","type":"post","link":"https:\/\/vocesparalelas.com.ar\/sitio\/preinscripciones-para-el-ingreso-al-ciclo-preuniversitario-de-la-ffha-de-la-unsj\/","title":{"rendered":"Preinscripciones para el ingreso al Ciclo Preuniversitario de la FFHA de la UNSJ"},"content":{"rendered":"<div class=\"box-sociales\">El Departamento de M\u00fasica de la Facultad de Filosof\u00eda, Humanidades y Artes de la Universidad Nacional de San Juan comunica que ya est\u00e1n abiertas las preinscripciones para el ingreso al Ciclo Preuniversitario desde el 15 de febrero al 10 de Marzo de 2023, posterior a esa fecha se realizan las pruebas de instrumento.<\/div>\n<div class=\"box-text\">\n<p><strong><span style=\"color: #339966;\">Formulario de preinscripci\u00f3n<\/span><\/strong><\/p>\n<p><a href=\"https:\/\/docs.google.com\/forms\/d\/e\/1FAIpQLSd3Oqgdl8QfjKyAn99Jct84huJ0aOVyodMM1ABIxQBqY5uzrQ\/viewform\">https:\/\/docs.google.com\/forms\/d\/e\/1FAIpQLSd3Oqgdl8QfjKyAn99Jct84huJ0aOVyodMM1ABIxQBqY5uzrQ\/viewform<\/a><\/p>\n<p>Antes de completar este formulario, recomiendan visitar el\u00a0<a href=\"https:\/\/www.instagram.com\/musica.unsj\/reels\/\" target=\"_blank\" rel=\"noopener\">perfil de Instagram del Departamento de M\u00fasica<\/a>. All\u00ed se encuentran todos los instrumentos que se ense\u00f1an en la instituci\u00f3n.<\/p>\n<p>Las edades admitidas para el ingreso son de 7 a 20 a\u00f1os, dependiendo del instrumento elegido. Son 19 instrumentos para elegir y en el\u00a0<a href=\"https:\/\/www.instagram.com\/musica.unsj\/reels\/\" target=\"_blank\" rel=\"noopener\">Instagram de la instituci\u00f3n<\/a>\u00a0hay videos\u00a0con la explicaci\u00f3n de cada uno.<\/p>\n<p>No se debe completar este formulario si ya es estudiante del Departamento de M\u00fasica, en ese caso se debe inscribir a trav\u00e9s de Siu Guaran\u00ed.<\/p>\n<p>Este ciclo es complementario a la educaci\u00f3n formal por lo que se debe acreditar la regularidad en la escuela primaria o secundaria a la que asiste el\/la estudiante o certificar finalizaci\u00f3n de la misma.<\/p>\n<p>Los horarios de cursado se realizan a contraturno del cursado en la escuela primaria o secundaria.<\/p>\n<p>El plan de estudios cuenta con 4 ciclos de 2 o 3 materias por a\u00f1o m\u00e1s el instrumento elegido.<\/p>\n<p>Al finalizar el ciclo se adquiere un t\u00edtulo de pregrado a nivel provincial y nacional. Las personas egresadas pueden desempe\u00f1arse como solista, integrante de conjuntos de c\u00e1mara, orquestas sinf\u00f3nicas juveniles, bandas y conjuntos de diversos g\u00e9neros.<\/p>\n<p><img loading=\"lazy\" decoding=\"async\" class=\"alignnone size-large wp-image-43889\" src=\"https:\/\/vocesparalelas.com.ar\/sitio\/wp-content\/uploads\/2021\/11\/FFHA-FRENTE-1-800x600.jpg\" alt=\"\" width=\"800\" height=\"600\" srcset=\"https:\/\/vocesparalelas.com.ar\/sitio\/wp-content\/uploads\/2021\/11\/FFHA-FRENTE-1-800x600.jpg 800w, https:\/\/vocesparalelas.com.ar\/sitio\/wp-content\/uploads\/2021\/11\/FFHA-FRENTE-1-300x225.jpg 300w, https:\/\/vocesparalelas.com.ar\/sitio\/wp-content\/uploads\/2021\/11\/FFHA-FRENTE-1-768x576.jpg 768w, https:\/\/vocesparalelas.com.ar\/sitio\/wp-content\/uploads\/2021\/11\/FFHA-FRENTE-1.jpg 1024w\" sizes=\"auto, (max-width: 800px) 100vw, 800px\" \/><\/p>\n<\/div>\n","protected":false},"excerpt":{"rendered":"<p>El Departamento de M\u00fasica de la Facultad de Filosof\u00eda, Humanidades y Artes de la Universidad Nacional de San Juan comunica<\/p>\n","protected":false},"author":3,"featured_media":15100,"comment_status":"closed","ping_status":"closed","sticky":false,"template":"","format":"standard","meta":{"_acf_changed":false,"_seopress_robots_primary_cat":"none","_seopress_titles_title":"","_seopress_titles_desc":"","_seopress_robots_index":"","colormag_page_container_layout":"default_layout","colormag_page_sidebar_layout":"default_layout","footnotes":""},"categories":[9],"tags":[],"class_list":["post-56837","post","type-post","status-publish","format-standard","has-post-thumbnail","hentry","category-cursos"],"acf":[],"_links":{"self":[{"href":"https:\/\/vocesparalelas.com.ar\/sitio\/wp-json\/wp\/v2\/posts\/56837","targetHints":{"allow":["GET"]}}],"collection":[{"href":"https:\/\/vocesparalelas.com.ar\/sitio\/wp-json\/wp\/v2\/posts"}],"about":[{"href":"https:\/\/vocesparalelas.com.ar\/sitio\/wp-json\/wp\/v2\/types\/post"}],"author":[{"embeddable":true,"href":"https:\/\/vocesparalelas.com.ar\/sitio\/wp-json\/wp\/v2\/users\/3"}],"replies":[{"embeddable":true,"href":"https:\/\/vocesparalelas.com.ar\/sitio\/wp-json\/wp\/v2\/comments?post=56837"}],"version-history":[{"count":1,"href":"https:\/\/vocesparalelas.com.ar\/sitio\/wp-json\/wp\/v2\/posts\/56837\/revisions"}],"predecessor-version":[{"id":56840,"href":"https:\/\/vocesparalelas.com.ar\/sitio\/wp-json\/wp\/v2\/posts\/56837\/revisions\/56840"}],"wp:featuredmedia":[{"embeddable":true,"href":"https:\/\/vocesparalelas.com.ar\/sitio\/wp-json\/wp\/v2\/media\/15100"}],"wp:attachment":[{"href":"https:\/\/vocesparalelas.com.ar\/sitio\/wp-json\/wp\/v2\/media?parent=56837"}],"wp:term":[{"taxonomy":"category","embeddable":true,"href":"https:\/\/vocesparalelas.com.ar\/sitio\/wp-json\/wp\/v2\/categories?post=56837"},{"taxonomy":"post_tag","embeddable":true,"href":"https:\/\/vocesparalelas.com.ar\/sitio\/wp-json\/wp\/v2\/tags?post=56837"}],"curies":[{"name":"wp","href":"https:\/\/api.w.org\/{rel}","templated":true}]}}