{"id":56833,"date":"2023-02-24T19:16:48","date_gmt":"2023-02-24T22:16:48","guid":{"rendered":"https:\/\/vocesparalelas.com.ar\/sitio\/?p=56833"},"modified":"2023-02-28T01:07:25","modified_gmt":"2023-02-28T04:07:25","slug":"audiciones-para-el-coro-preuniversitario-de-la-ffha-de-la-unsj","status":"publish","type":"post","link":"https:\/\/vocesparalelas.com.ar\/sitio\/audiciones-para-el-coro-preuniversitario-de-la-ffha-de-la-unsj\/","title":{"rendered":"Audiciones para el Coro Preuniversitario de la FFHA de la UNSJ"},"content":{"rendered":"<p>Comenzaron las inscripciones para las audiciones del Coro Preuniversitario de la Universidad Nacional de San Juan.<\/p>\n<p>Para participar, las personas interesadas deben llenar el siguiente\u00a0formulario<\/p>\n<p><a href=\"https:\/\/docs.google.com\/forms\/d\/e\/1FAIpQLSe9X-ylmoc83cFpLEw_kj5QOTzjQIb8wJ6iqQFf6l59qqHVHQ\/viewform\">https:\/\/docs.google.com\/forms\/d\/e\/1FAIpQLSe9X-ylmoc83cFpLEw_kj5QOTzjQIb8wJ6iqQFf6l59qqHVHQ\/viewform<\/a><\/p>\n<p>y desde la Facultad se contactan para informar el horario de la audici\u00f3n.<\/p>\n<p>Las audiciones est\u00e1n destinadas a preadolescentes de entre 13 y 18 a\u00f1os. El Mi\u00e9rcoles, 15 y el Jueves, 16 de Marzo de 18 a 20 h en el Sal\u00f3n de coro del Centro de Creaci\u00f3n Art\u00edstica Coral de la Facultad de Filosof\u00eda, Humanidades y Artes (FFHA), F\u00e9lix Aguilar 387 &#8211; N &#8211; Capital.<\/p>\n<p><img loading=\"lazy\" decoding=\"async\" class=\"alignnone size-large wp-image-15276\" src=\"https:\/\/vocesparalelas.com.ar\/sitio\/wp-content\/uploads\/2018\/09\/FFHA-MUSICA-22-800x600.jpg\" alt=\"\" width=\"800\" height=\"600\" srcset=\"https:\/\/vocesparalelas.com.ar\/sitio\/wp-content\/uploads\/2018\/09\/FFHA-MUSICA-22-800x600.jpg 800w, https:\/\/vocesparalelas.com.ar\/sitio\/wp-content\/uploads\/2018\/09\/FFHA-MUSICA-22-300x225.jpg 300w, https:\/\/vocesparalelas.com.ar\/sitio\/wp-content\/uploads\/2018\/09\/FFHA-MUSICA-22-768x576.jpg 768w, https:\/\/vocesparalelas.com.ar\/sitio\/wp-content\/uploads\/2018\/09\/FFHA-MUSICA-22.jpg 1024w\" sizes=\"auto, (max-width: 800px) 100vw, 800px\" \/><\/p>\n","protected":false},"excerpt":{"rendered":"<p>Comenzaron las inscripciones para las audiciones del Coro Preuniversitario de la Universidad Nacional de San Juan. Para participar, las personas<\/p>\n","protected":false},"author":3,"featured_media":6260,"comment_status":"closed","ping_status":"closed","sticky":false,"template":"","format":"standard","meta":{"_acf_changed":false,"_seopress_robots_primary_cat":"none","_seopress_titles_title":"","_seopress_titles_desc":"","_seopress_robots_index":"","colormag_page_container_layout":"default_layout","colormag_page_sidebar_layout":"default_layout","footnotes":""},"categories":[2],"tags":[],"class_list":["post-56833","post","type-post","status-publish","format-standard","has-post-thumbnail","hentry","category-convocatorias"],"acf":[],"_links":{"self":[{"href":"https:\/\/vocesparalelas.com.ar\/sitio\/wp-json\/wp\/v2\/posts\/56833","targetHints":{"allow":["GET"]}}],"collection":[{"href":"https:\/\/vocesparalelas.com.ar\/sitio\/wp-json\/wp\/v2\/posts"}],"about":[{"href":"https:\/\/vocesparalelas.com.ar\/sitio\/wp-json\/wp\/v2\/types\/post"}],"author":[{"embeddable":true,"href":"https:\/\/vocesparalelas.com.ar\/sitio\/wp-json\/wp\/v2\/users\/3"}],"replies":[{"embeddable":true,"href":"https:\/\/vocesparalelas.com.ar\/sitio\/wp-json\/wp\/v2\/comments?post=56833"}],"version-history":[{"count":1,"href":"https:\/\/vocesparalelas.com.ar\/sitio\/wp-json\/wp\/v2\/posts\/56833\/revisions"}],"predecessor-version":[{"id":56836,"href":"https:\/\/vocesparalelas.com.ar\/sitio\/wp-json\/wp\/v2\/posts\/56833\/revisions\/56836"}],"wp:featuredmedia":[{"embeddable":true,"href":"https:\/\/vocesparalelas.com.ar\/sitio\/wp-json\/wp\/v2\/media\/6260"}],"wp:attachment":[{"href":"https:\/\/vocesparalelas.com.ar\/sitio\/wp-json\/wp\/v2\/media?parent=56833"}],"wp:term":[{"taxonomy":"category","embeddable":true,"href":"https:\/\/vocesparalelas.com.ar\/sitio\/wp-json\/wp\/v2\/categories?post=56833"},{"taxonomy":"post_tag","embeddable":true,"href":"https:\/\/vocesparalelas.com.ar\/sitio\/wp-json\/wp\/v2\/tags?post=56833"}],"curies":[{"name":"wp","href":"https:\/\/api.w.org\/{rel}","templated":true}]}}