{"id":56829,"date":"2023-02-24T13:14:00","date_gmt":"2023-02-24T16:14:00","guid":{"rendered":"https:\/\/vocesparalelas.com.ar\/sitio\/?p=56829"},"modified":"2023-02-26T13:05:02","modified_gmt":"2023-02-26T16:05:02","slug":"haberes-febrero-2023-para-la-administracion-publica-de-san-juan","status":"publish","type":"post","link":"https:\/\/vocesparalelas.com.ar\/sitio\/haberes-febrero-2023-para-la-administracion-publica-de-san-juan\/","title":{"rendered":"Haberes \u00abFebrero 2023\u00bb para la Administraci\u00f3n P\u00fablica de San Juan"},"content":{"rendered":"<p>Desde la Secretar\u00eda de Hacienda y Finanzas del Gobierno de San Juan informan que el Mi\u00e9rcoles, 01 de Marzo se encuentran acreditada los haberes de la Administraci\u00f3n P\u00fablica \u00abFebrero 2023\u00bb.<\/p>\n<p>Seg\u00fan lo dispuesto por el Gobernador Sr. Sergio U\u00f1ac, y en cumplimiento de lo acordado, los sueldos le ganen a la inflaci\u00f3n, para el inicio del 2023 se tom\u00f3 la base salarial incrementada del 2022 y se aplic\u00f3 sobre la misma, la inflaci\u00f3n publicada de Diciembre 2022 del 5,1% para los haberes del mes de Enero y la inflaci\u00f3n publicada de Enero 2023, del 6%, para los haberes de febrero de 2023.<\/p>\n<p>Con esta actualizaci\u00f3n de haberes de Enero 2023, 5,1 % y Febrero 2023, 6%; a la fecha los salarios estatales llevan acumulado un 11,1% de aumento salarial, que forma parte de la paritaria 2023 en proceso.<\/p>\n<p>Asimismo, se recuerda que los cajeros autom\u00e1ticos funcionan las 24 horas, por lo que se sugiere evitar horarios y cajeros con gran afluencia de p\u00fablico, no asistir acompa\u00f1ados, mantener la distancia entre personas y desinfectar las manos luego del uso de cajeros y manipulaci\u00f3n de dinero.<\/p>\n<p>Tambi\u00e9n, tener presente que est\u00e1n vigentes las extracciones con tarjeta de d\u00e9bito en los principales supermercados y estaciones de servicio de la provincia, entre otros comercios identificados con el logo de Visa &#8211; Extra cash.<\/p>\n","protected":false},"excerpt":{"rendered":"<p>Desde la Secretar\u00eda de Hacienda y Finanzas del Gobierno de San Juan informan que el Mi\u00e9rcoles, 01 de Marzo se<\/p>\n","protected":false},"author":3,"featured_media":5039,"comment_status":"closed","ping_status":"closed","sticky":false,"template":"","format":"standard","meta":{"_acf_changed":false,"_seopress_robots_primary_cat":"none","_seopress_titles_title":"","_seopress_titles_desc":"","_seopress_robots_index":"","colormag_page_container_layout":"default_layout","colormag_page_sidebar_layout":"default_layout","footnotes":""},"categories":[6],"tags":[],"class_list":["post-56829","post","type-post","status-publish","format-standard","has-post-thumbnail","hentry","category-eventos"],"acf":[],"_links":{"self":[{"href":"https:\/\/vocesparalelas.com.ar\/sitio\/wp-json\/wp\/v2\/posts\/56829","targetHints":{"allow":["GET"]}}],"collection":[{"href":"https:\/\/vocesparalelas.com.ar\/sitio\/wp-json\/wp\/v2\/posts"}],"about":[{"href":"https:\/\/vocesparalelas.com.ar\/sitio\/wp-json\/wp\/v2\/types\/post"}],"author":[{"embeddable":true,"href":"https:\/\/vocesparalelas.com.ar\/sitio\/wp-json\/wp\/v2\/users\/3"}],"replies":[{"embeddable":true,"href":"https:\/\/vocesparalelas.com.ar\/sitio\/wp-json\/wp\/v2\/comments?post=56829"}],"version-history":[{"count":1,"href":"https:\/\/vocesparalelas.com.ar\/sitio\/wp-json\/wp\/v2\/posts\/56829\/revisions"}],"predecessor-version":[{"id":56832,"href":"https:\/\/vocesparalelas.com.ar\/sitio\/wp-json\/wp\/v2\/posts\/56829\/revisions\/56832"}],"wp:featuredmedia":[{"embeddable":true,"href":"https:\/\/vocesparalelas.com.ar\/sitio\/wp-json\/wp\/v2\/media\/5039"}],"wp:attachment":[{"href":"https:\/\/vocesparalelas.com.ar\/sitio\/wp-json\/wp\/v2\/media?parent=56829"}],"wp:term":[{"taxonomy":"category","embeddable":true,"href":"https:\/\/vocesparalelas.com.ar\/sitio\/wp-json\/wp\/v2\/categories?post=56829"},{"taxonomy":"post_tag","embeddable":true,"href":"https:\/\/vocesparalelas.com.ar\/sitio\/wp-json\/wp\/v2\/tags?post=56829"}],"curies":[{"name":"wp","href":"https:\/\/api.w.org\/{rel}","templated":true}]}}