{"id":56825,"date":"2023-02-24T12:25:40","date_gmt":"2023-02-24T15:25:40","guid":{"rendered":"https:\/\/vocesparalelas.com.ar\/sitio\/?p=56825"},"modified":"2023-02-26T13:05:20","modified_gmt":"2023-02-26T16:05:20","slug":"haberes-febrero-2023-al-personal-de-la-unsj","status":"publish","type":"post","link":"https:\/\/vocesparalelas.com.ar\/sitio\/haberes-febrero-2023-al-personal-de-la-unsj\/","title":{"rendered":"Haberes \u00abFebrero 2023\u00bb al personal de la UNSJ"},"content":{"rendered":"<p>La Secretaria Administrativo Financiera &#8211; SAF &#8211; de la Universidad de San Juan informa que se encuentra acreditado los haberes \u00abFebrero 2023\u00bb al personal de la instituci\u00f3n acad\u00e9mica el S\u00e1bado, 25 de Febrero, en la cuenta sueldo de cada activo, quedando disponible.<\/p>\n<p><img loading=\"lazy\" decoding=\"async\" class=\"alignnone size-full wp-image-53945\" src=\"https:\/\/vocesparalelas.com.ar\/sitio\/wp-content\/uploads\/2022\/10\/UNSJ-LOGO-50-FINAL.jpg\" alt=\"\" width=\"800\" height=\"476\" srcset=\"https:\/\/vocesparalelas.com.ar\/sitio\/wp-content\/uploads\/2022\/10\/UNSJ-LOGO-50-FINAL.jpg 800w, https:\/\/vocesparalelas.com.ar\/sitio\/wp-content\/uploads\/2022\/10\/UNSJ-LOGO-50-FINAL-300x179.jpg 300w, https:\/\/vocesparalelas.com.ar\/sitio\/wp-content\/uploads\/2022\/10\/UNSJ-LOGO-50-FINAL-768x457.jpg 768w\" sizes=\"auto, (max-width: 800px) 100vw, 800px\" \/><\/p>\n<p><img loading=\"lazy\" decoding=\"async\" class=\"alignnone size-full wp-image-54035\" src=\"https:\/\/vocesparalelas.com.ar\/sitio\/wp-content\/uploads\/2022\/11\/UNSJ-LOGO-10.jpg\" alt=\"\" width=\"800\" height=\"533\" srcset=\"https:\/\/vocesparalelas.com.ar\/sitio\/wp-content\/uploads\/2022\/11\/UNSJ-LOGO-10.jpg 800w, https:\/\/vocesparalelas.com.ar\/sitio\/wp-content\/uploads\/2022\/11\/UNSJ-LOGO-10-300x200.jpg 300w, https:\/\/vocesparalelas.com.ar\/sitio\/wp-content\/uploads\/2022\/11\/UNSJ-LOGO-10-768x512.jpg 768w\" sizes=\"auto, (max-width: 800px) 100vw, 800px\" \/><\/p>\n<p>&nbsp;<\/p>\n<p>&nbsp;<\/p>\n<p>&nbsp;<\/p>\n<p>&nbsp;<\/p>\n","protected":false},"excerpt":{"rendered":"<p>La Secretaria Administrativo Financiera &#8211; SAF &#8211; de la Universidad de San Juan informa que se encuentra acreditado los haberes<\/p>\n","protected":false},"author":3,"featured_media":37900,"comment_status":"closed","ping_status":"closed","sticky":false,"template":"","format":"standard","meta":{"_acf_changed":false,"_seopress_robots_primary_cat":"none","_seopress_titles_title":"","_seopress_titles_desc":"","_seopress_robots_index":"","colormag_page_container_layout":"default_layout","colormag_page_sidebar_layout":"default_layout","footnotes":""},"categories":[6],"tags":[],"class_list":["post-56825","post","type-post","status-publish","format-standard","has-post-thumbnail","hentry","category-eventos"],"acf":[],"_links":{"self":[{"href":"https:\/\/vocesparalelas.com.ar\/sitio\/wp-json\/wp\/v2\/posts\/56825","targetHints":{"allow":["GET"]}}],"collection":[{"href":"https:\/\/vocesparalelas.com.ar\/sitio\/wp-json\/wp\/v2\/posts"}],"about":[{"href":"https:\/\/vocesparalelas.com.ar\/sitio\/wp-json\/wp\/v2\/types\/post"}],"author":[{"embeddable":true,"href":"https:\/\/vocesparalelas.com.ar\/sitio\/wp-json\/wp\/v2\/users\/3"}],"replies":[{"embeddable":true,"href":"https:\/\/vocesparalelas.com.ar\/sitio\/wp-json\/wp\/v2\/comments?post=56825"}],"version-history":[{"count":1,"href":"https:\/\/vocesparalelas.com.ar\/sitio\/wp-json\/wp\/v2\/posts\/56825\/revisions"}],"predecessor-version":[{"id":56828,"href":"https:\/\/vocesparalelas.com.ar\/sitio\/wp-json\/wp\/v2\/posts\/56825\/revisions\/56828"}],"wp:featuredmedia":[{"embeddable":true,"href":"https:\/\/vocesparalelas.com.ar\/sitio\/wp-json\/wp\/v2\/media\/37900"}],"wp:attachment":[{"href":"https:\/\/vocesparalelas.com.ar\/sitio\/wp-json\/wp\/v2\/media?parent=56825"}],"wp:term":[{"taxonomy":"category","embeddable":true,"href":"https:\/\/vocesparalelas.com.ar\/sitio\/wp-json\/wp\/v2\/categories?post=56825"},{"taxonomy":"post_tag","embeddable":true,"href":"https:\/\/vocesparalelas.com.ar\/sitio\/wp-json\/wp\/v2\/tags?post=56825"}],"curies":[{"name":"wp","href":"https:\/\/api.w.org\/{rel}","templated":true}]}}