{"id":56821,"date":"2023-02-23T22:55:28","date_gmt":"2023-02-24T01:55:28","guid":{"rendered":"https:\/\/vocesparalelas.com.ar\/sitio\/?p=56821"},"modified":"2023-02-26T13:06:06","modified_gmt":"2023-02-26T16:06:06","slug":"se-reciben-en-udap-los-mandatos-por-aceptacion-o-rechazo-de-la-propuesta-salarial-del-gobierno","status":"publish","type":"post","link":"https:\/\/vocesparalelas.com.ar\/sitio\/se-reciben-en-udap-los-mandatos-por-aceptacion-o-rechazo-de-la-propuesta-salarial-del-gobierno\/","title":{"rendered":"Se reciben en UDAP los mandatos por aceptaci\u00f3n o rechazo de la propuesta salarial del gobierno"},"content":{"rendered":"<p>La Uni\u00f3n Docentes Agremiados Provinciales &#8211; UDAP &#8211; San Juan, comunica a delegados escolares de los distintos niveles \u0423 modalidades del Sistema Educativo, de gesti\u00f3n estatal, privada y docentes en general, que se reciben hasta el Lunes, 27 de Febrero de 2023, hasta las 9 hs, por sede central, Salta 181 &#8211; N &#8211; Capital y delegaciones departamentales, los mandatos por aceptaci\u00f3n o rechazo de la propuesta realizada por el gobierno de la provincia, el 23 de Febrero, ofrecida en el \u00e1mbito de la paritaria provincial, la que se tratada el Lunes en el plenario extraordinario de delegados escolares, seg\u00fan el orden del d\u00eda.<\/p>\n<p>&nbsp;<\/p>\n<p style=\"text-align: right;\">San Juan, 23 de Febrero de 2023<\/p>\n<p style=\"text-align: right;\">Secretariado Ejecutivo<\/p>\n<p style=\"text-align: right;\">Luis Lucero Secretario General<\/p>\n","protected":false},"excerpt":{"rendered":"<p>La Uni\u00f3n Docentes Agremiados Provinciales &#8211; UDAP &#8211; San Juan, comunica a delegados escolares de los distintos niveles \u0423 modalidades<\/p>\n","protected":false},"author":3,"featured_media":54427,"comment_status":"closed","ping_status":"closed","sticky":false,"template":"","format":"standard","meta":{"_acf_changed":false,"_seopress_robots_primary_cat":"none","_seopress_titles_title":"","_seopress_titles_desc":"","_seopress_robots_index":"","colormag_page_container_layout":"default_layout","colormag_page_sidebar_layout":"default_layout","footnotes":""},"categories":[5],"tags":[],"class_list":["post-56821","post","type-post","status-publish","format-standard","has-post-thumbnail","hentry","category-ofrecimientos"],"acf":[],"_links":{"self":[{"href":"https:\/\/vocesparalelas.com.ar\/sitio\/wp-json\/wp\/v2\/posts\/56821","targetHints":{"allow":["GET"]}}],"collection":[{"href":"https:\/\/vocesparalelas.com.ar\/sitio\/wp-json\/wp\/v2\/posts"}],"about":[{"href":"https:\/\/vocesparalelas.com.ar\/sitio\/wp-json\/wp\/v2\/types\/post"}],"author":[{"embeddable":true,"href":"https:\/\/vocesparalelas.com.ar\/sitio\/wp-json\/wp\/v2\/users\/3"}],"replies":[{"embeddable":true,"href":"https:\/\/vocesparalelas.com.ar\/sitio\/wp-json\/wp\/v2\/comments?post=56821"}],"version-history":[{"count":1,"href":"https:\/\/vocesparalelas.com.ar\/sitio\/wp-json\/wp\/v2\/posts\/56821\/revisions"}],"predecessor-version":[{"id":56824,"href":"https:\/\/vocesparalelas.com.ar\/sitio\/wp-json\/wp\/v2\/posts\/56821\/revisions\/56824"}],"wp:featuredmedia":[{"embeddable":true,"href":"https:\/\/vocesparalelas.com.ar\/sitio\/wp-json\/wp\/v2\/media\/54427"}],"wp:attachment":[{"href":"https:\/\/vocesparalelas.com.ar\/sitio\/wp-json\/wp\/v2\/media?parent=56821"}],"wp:term":[{"taxonomy":"category","embeddable":true,"href":"https:\/\/vocesparalelas.com.ar\/sitio\/wp-json\/wp\/v2\/categories?post=56821"},{"taxonomy":"post_tag","embeddable":true,"href":"https:\/\/vocesparalelas.com.ar\/sitio\/wp-json\/wp\/v2\/tags?post=56821"}],"curies":[{"name":"wp","href":"https:\/\/api.w.org\/{rel}","templated":true}]}}