{"id":56813,"date":"2023-02-23T22:35:53","date_gmt":"2023-02-24T01:35:53","guid":{"rendered":"https:\/\/vocesparalelas.com.ar\/sitio\/?p=56813"},"modified":"2023-02-26T13:06:37","modified_gmt":"2023-02-26T16:06:37","slug":"llamado-a-concurso-de-dos-cargos-de-auxiliar-de-la-docencia-en-la-faud-de-la-unsj","status":"publish","type":"post","link":"https:\/\/vocesparalelas.com.ar\/sitio\/llamado-a-concurso-de-dos-cargos-de-auxiliar-de-la-docencia-en-la-faud-de-la-unsj\/","title":{"rendered":"Llamado a concurso de dos cargos de Auxiliar de la Docencia en la FAUD de la UNSJ"},"content":{"rendered":"<p>La Facultad de Arquitectura, Dise\u00f1o y Urbanismo de la Universidad Nacional de San Juan, llama a concurso para cubrir dos cargos de Auxiliar a la Docenciade acuerdo al siguiente detalle:<\/p>\n<p><span style=\"color: #339966;\"><strong>INSTITUTO REGIONAL DE PLANEAMIENTO Y HABITAT (IRPHa)<\/strong><\/span><\/p>\n<ul>\n<li>UN cargo en el Instituto Regional de Planeamiento y H\u00e1bitat (IRPHa), el cargo de\u00a0<strong>Auxiliar de la Docencia Alumno<\/strong>, Dedicaci\u00f3n Simple, Car\u00e1cter Interino, Programa Investigar, Campo de Conocimiento: Dise\u00f1o 2, L\u00ednea de Investigaci\u00f3n: Riesgo S\u00edsmico 1, con afectaci\u00f3n al Proyecto Interno 2023:\u00a0<strong>RIESGO DE INCENDIO. DISE\u00d1O DE UN METODO DE EVALUACI\u00d3N EDILICIO SIMPLIFICADO Y SU APLICACI\u00d3N EN EL \u00c1MBITO ACADEMICO DE LA FAUD<\/strong>, C\u00f3digo: 1482\/1.<\/li>\n<\/ul>\n<p><span style=\"color: #339966;\"><strong>INSTITUTO DE TEORIA, HISTORIA Y CRITICA DEL DISE\u00d1O (IDIS)<\/strong><\/span><\/p>\n<ul>\n<li>UN (1) cargo de\u00a0<strong>Auxiliar de Segunda Categor\u00eda Alumno<\/strong>, en el Instituto Teor\u00eda, Historia y Critica del Dise\u00f1o (IDIS), Dedicaci\u00f3n Simple, Car\u00e1cter Interino, en el Campo de Conocimiento 4: Teor\u00eda, Historia y Critica, L\u00ednea de Investigaci\u00f3n 8: Patrimonio Arquitect\u00f3nico, C\u00f3digo: 07863\/1.<\/li>\n<\/ul>\n<p><span style=\"color: #339966;\"><strong>INSCRIPCIONES<\/strong><\/span><\/p>\n<p>Se recibir\u00e1n en Mesa de Entradas de la Facultad, a partir de\u00a0<strong>las 8,00 Hs. del d\u00eda jueves 02 de marzo y hasta las 12,00 Hs. del d\u00eda mi\u00e9rcoles 08 de marzo de 2023.<\/strong><\/p>\n<p>Av. Ignacio de la Roza y Meglioli &#8211; Rivadavia &#8211; C.P. 5400 &#8211; SAN JUAN -ARGENTINA<\/p>\n<p>Tel\u00e9fonos: 54 264 4232395 \/ 3259\u00a0 4264951<\/p>\n","protected":false},"excerpt":{"rendered":"<p>La Facultad de Arquitectura, Dise\u00f1o y Urbanismo de la Universidad Nacional de San Juan, llama a concurso para cubrir dos<\/p>\n","protected":false},"author":3,"featured_media":24036,"comment_status":"closed","ping_status":"closed","sticky":false,"template":"","format":"standard","meta":{"_acf_changed":false,"_seopress_robots_primary_cat":"none","_seopress_titles_title":"","_seopress_titles_desc":"","_seopress_robots_index":"","colormag_page_container_layout":"default_layout","colormag_page_sidebar_layout":"default_layout","footnotes":""},"categories":[8],"tags":[],"class_list":["post-56813","post","type-post","status-publish","format-standard","has-post-thumbnail","hentry","category-concursos"],"acf":[],"_links":{"self":[{"href":"https:\/\/vocesparalelas.com.ar\/sitio\/wp-json\/wp\/v2\/posts\/56813","targetHints":{"allow":["GET"]}}],"collection":[{"href":"https:\/\/vocesparalelas.com.ar\/sitio\/wp-json\/wp\/v2\/posts"}],"about":[{"href":"https:\/\/vocesparalelas.com.ar\/sitio\/wp-json\/wp\/v2\/types\/post"}],"author":[{"embeddable":true,"href":"https:\/\/vocesparalelas.com.ar\/sitio\/wp-json\/wp\/v2\/users\/3"}],"replies":[{"embeddable":true,"href":"https:\/\/vocesparalelas.com.ar\/sitio\/wp-json\/wp\/v2\/comments?post=56813"}],"version-history":[{"count":1,"href":"https:\/\/vocesparalelas.com.ar\/sitio\/wp-json\/wp\/v2\/posts\/56813\/revisions"}],"predecessor-version":[{"id":56816,"href":"https:\/\/vocesparalelas.com.ar\/sitio\/wp-json\/wp\/v2\/posts\/56813\/revisions\/56816"}],"wp:featuredmedia":[{"embeddable":true,"href":"https:\/\/vocesparalelas.com.ar\/sitio\/wp-json\/wp\/v2\/media\/24036"}],"wp:attachment":[{"href":"https:\/\/vocesparalelas.com.ar\/sitio\/wp-json\/wp\/v2\/media?parent=56813"}],"wp:term":[{"taxonomy":"category","embeddable":true,"href":"https:\/\/vocesparalelas.com.ar\/sitio\/wp-json\/wp\/v2\/categories?post=56813"},{"taxonomy":"post_tag","embeddable":true,"href":"https:\/\/vocesparalelas.com.ar\/sitio\/wp-json\/wp\/v2\/tags?post=56813"}],"curies":[{"name":"wp","href":"https:\/\/api.w.org\/{rel}","templated":true}]}}