{"id":56809,"date":"2023-02-23T22:31:14","date_gmt":"2023-02-24T01:31:14","guid":{"rendered":"https:\/\/vocesparalelas.com.ar\/sitio\/?p=56809"},"modified":"2023-02-24T19:40:17","modified_gmt":"2023-02-24T22:40:17","slug":"conciliacion-obligatoria-e-intimo-al-gremio-la-bancaria-a-dejar-sin-efecto-la-medida-de-fuerza","status":"publish","type":"post","link":"https:\/\/vocesparalelas.com.ar\/sitio\/conciliacion-obligatoria-e-intimo-al-gremio-la-bancaria-a-dejar-sin-efecto-la-medida-de-fuerza\/","title":{"rendered":"Conciliaci\u00f3n obligatoria e intim\u00f3 al gremio La Bancaria a dejar sin efecto la medida de fuerza"},"content":{"rendered":"<p>El Ministerio de Trabajo dict\u00f3 hoy la conciliaci\u00f3n obligatoria por un t\u00e9rmino de quince d\u00edas en el paro de 24 horas que llevan adelante los trabajadores bancarios en reclamo de aumentos salariales.<\/p>\n<p>La resoluci\u00f3n de la cartera laboral intima a la Asociaci\u00f3n Bancaria a cesar \u201ctoda medida de acci\u00f3n directa\u201d y prestar servicios de forma habitual.<\/p>\n<p class=\"paragraph\">La directora nacional de Relaciones y Regulaciones del Trabajo,\u00a0<b>Gabriela Marcello<\/b>, orden\u00f3 \u201cdar por iniciado un per\u00edodo de conciliaci\u00f3n obligatoria por el t\u00e9rmino de quince (15) d\u00edas, de acuerdo a lo establecido en el Art\u00edculo 11\u00b0 de la normativa preindicada, debiendo retrotraerse la situaci\u00f3n a la existente con anterioridad al inicio del conflicto y por el plazo de duraci\u00f3n del presente procedimiento conciliatorio\u201d.<\/p>\n<p class=\"paragraph\">Tambi\u00e9n se intim\u00f3 a La Bancaria y a los trabajadores a \u201cdejar sin efecto, durante el per\u00edodo indicado en el art\u00edculo anterior, toda medida de acci\u00f3n directa que estuviesen implementando y\/o tuvieran previsto implementar, prestando servicios de manera normal y habitual\u201d.<\/p>\n<p>Tambi\u00e9n, como sucede en estos casos, se intim\u00f3 a las empresas \u2013nucleadas en la Asociaci\u00f3n de Bancos de la Argentina (ABA), la Asociaci\u00f3n de la Banca Especializada (ABE), la Asociaci\u00f3n de Bancos Privados de Capital Argentino (Adeba), la Asociaci\u00f3n de Bancos P\u00fablicos y Privados de la Rep\u00fablica Argentina (Abappra)\u2013 \u201ca abstenerse de tomar represalias de cualquier tipo con el personal representado por la organizaci\u00f3n sindical\u201d.<\/p>\n<p>Adem\u00e1s, se exhort\u00f3 a \u201clas partes en conflicto a mantener la mejor predisposici\u00f3n y apertura para negociar los temas sobre los cuales mantienen diferencias y contribuir, de esa manera, a la paz social y a mejorar el marco de las relaciones laborales en el seno de las empresas involucradas\u201d.<\/p>\n<p>Fuente Infobae<\/p>\n<p>&nbsp;<\/p>\n","protected":false},"excerpt":{"rendered":"<p>El Ministerio de Trabajo dict\u00f3 hoy la conciliaci\u00f3n obligatoria por un t\u00e9rmino de quince d\u00edas en el paro de 24<\/p>\n","protected":false},"author":3,"featured_media":56841,"comment_status":"closed","ping_status":"closed","sticky":false,"template":"","format":"standard","meta":{"_acf_changed":false,"_seopress_robots_primary_cat":"none","_seopress_titles_title":"","_seopress_titles_desc":"","_seopress_robots_index":"","colormag_page_container_layout":"default_layout","colormag_page_sidebar_layout":"default_layout","footnotes":""},"categories":[1],"tags":[],"class_list":["post-56809","post","type-post","status-publish","format-standard","has-post-thumbnail","hentry","category-destacadas"],"acf":[],"_links":{"self":[{"href":"https:\/\/vocesparalelas.com.ar\/sitio\/wp-json\/wp\/v2\/posts\/56809","targetHints":{"allow":["GET"]}}],"collection":[{"href":"https:\/\/vocesparalelas.com.ar\/sitio\/wp-json\/wp\/v2\/posts"}],"about":[{"href":"https:\/\/vocesparalelas.com.ar\/sitio\/wp-json\/wp\/v2\/types\/post"}],"author":[{"embeddable":true,"href":"https:\/\/vocesparalelas.com.ar\/sitio\/wp-json\/wp\/v2\/users\/3"}],"replies":[{"embeddable":true,"href":"https:\/\/vocesparalelas.com.ar\/sitio\/wp-json\/wp\/v2\/comments?post=56809"}],"version-history":[{"count":1,"href":"https:\/\/vocesparalelas.com.ar\/sitio\/wp-json\/wp\/v2\/posts\/56809\/revisions"}],"predecessor-version":[{"id":56812,"href":"https:\/\/vocesparalelas.com.ar\/sitio\/wp-json\/wp\/v2\/posts\/56809\/revisions\/56812"}],"wp:featuredmedia":[{"embeddable":true,"href":"https:\/\/vocesparalelas.com.ar\/sitio\/wp-json\/wp\/v2\/media\/56841"}],"wp:attachment":[{"href":"https:\/\/vocesparalelas.com.ar\/sitio\/wp-json\/wp\/v2\/media?parent=56809"}],"wp:term":[{"taxonomy":"category","embeddable":true,"href":"https:\/\/vocesparalelas.com.ar\/sitio\/wp-json\/wp\/v2\/categories?post=56809"},{"taxonomy":"post_tag","embeddable":true,"href":"https:\/\/vocesparalelas.com.ar\/sitio\/wp-json\/wp\/v2\/tags?post=56809"}],"curies":[{"name":"wp","href":"https:\/\/api.w.org\/{rel}","templated":true}]}}