{"id":56805,"date":"2023-02-23T21:26:28","date_gmt":"2023-02-24T00:26:28","guid":{"rendered":"https:\/\/vocesparalelas.com.ar\/sitio\/?p=56805"},"modified":"2023-02-24T23:27:13","modified_gmt":"2023-02-25T02:27:13","slug":"inscripcion-complementaria-para-ingreso-interinatos-y-suplencias-2023-de-los-gabinetes-tecnicos-de-san-juan","status":"publish","type":"post","link":"https:\/\/vocesparalelas.com.ar\/sitio\/inscripcion-complementaria-para-ingreso-interinatos-y-suplencias-2023-de-los-gabinetes-tecnicos-de-san-juan\/","title":{"rendered":"Inscripci\u00f3n complementaria para Ingreso, Interinatos y Suplencias 2023 de los Gabinetes T\u00e9cnicos de San Juan"},"content":{"rendered":"<p>La Junta de Calificaci\u00f3n y Clasificaci\u00f3n de Gabinetes T\u00e9cnicos Interdisciplinarios del Ministerio de Educaci\u00f3n del Gobierno de San Juan convoca a profesionales a la inscripci\u00f3n complementaria para Ingreso, Interinatos y Suplencias de Gabinetes T\u00e9cnicos 2023, de acuerdo a la Resoluci\u00f3n N\u00b0 0358-ME-2023.<\/p>\n<p>Los interesados deben presentarse del 8 al 15 Marzo, de 8:30 a 12:30 horas, seg\u00fan la fecha y horario establecido a trav\u00e9s del turno online .<\/p>\n<p>La convocatoria es solo para profesionales que obtuvieron su t\u00edtulo del 30 de Junio de 2022 al 8 de Marzo de 2023, y a quienes prueben fehacientemente haber estado fuera de la provincia durante la \u00e9poca de inscripci\u00f3n convocada por Resoluci\u00f3n N\u00ba 3239-ME-21.<\/p>\n<p>Los interesados deben solicitar un turno online a trav\u00e9s de la\u00a0p\u00e1gina del Ministerio de Educaci\u00f3n<\/p>\n<p><a href=\"https:\/\/http\/\/educaci%C3%B3n.sanjuan.gob.ar\">https:\/\/http\/\/educaci%C3%B3n.sanjuan.gob.ar<\/a><\/p>\n<p>en la plataforma de la Junta de Calificaci\u00f3n y Clasificaci\u00f3n de Gabinetes T\u00e9cnicos Interdisciplinarios de Educaci\u00f3n que quedar\u00e1 habilitada a partir del 27 de Febrero hasta el 5 de Marzo, inclusive<\/p>\n<p>La inscripci\u00f3n y valoraci\u00f3n de carpetas, se realiza en el mismo momento en la sede de la Junta ubicada en calle calle Hip\u00f3lito Irigoyen 1515 este, esquina Circunvalaci\u00f3n (sede del Dep\u00f3sito Central del Ministerio de Educaci\u00f3n).<\/p>\n<p>El aspirante debe acudir el d\u00eda establecido con su carpeta ordenada y organizada seg\u00fan el valorador vigente (Resoluci\u00f3n N\u00b0 11213-ME-16).<\/p>\n<p>La solicitud de inscripci\u00f3n, las declaraciones Juradas de Residencia y de Cargos, se deben descargar accediendo a la p\u00e1gina del Ministerio de Educaci\u00f3n, en plataforma de Junta de Calificaci\u00f3n y Clasificaci\u00f3n de Gabinetes T\u00e9cnicos interdisciplinarios. Estas deben imprimirse y completarse para presentar el d\u00eda de la inscripci\u00f3n.<\/p>\n<p>Para mayor informaci\u00f3n llamar en horario de 8:30 a 12:30 horas al 4302345.<\/p>\n","protected":false},"excerpt":{"rendered":"<p>La Junta de Calificaci\u00f3n y Clasificaci\u00f3n de Gabinetes T\u00e9cnicos Interdisciplinarios del Ministerio de Educaci\u00f3n del Gobierno de San Juan convoca<\/p>\n","protected":false},"author":3,"featured_media":40018,"comment_status":"closed","ping_status":"closed","sticky":false,"template":"","format":"standard","meta":{"_acf_changed":false,"_seopress_robots_primary_cat":"none","_seopress_titles_title":"","_seopress_titles_desc":"","_seopress_robots_index":"","colormag_page_container_layout":"default_layout","colormag_page_sidebar_layout":"default_layout","footnotes":""},"categories":[5],"tags":[],"class_list":["post-56805","post","type-post","status-publish","format-standard","has-post-thumbnail","hentry","category-ofrecimientos"],"acf":[],"_links":{"self":[{"href":"https:\/\/vocesparalelas.com.ar\/sitio\/wp-json\/wp\/v2\/posts\/56805","targetHints":{"allow":["GET"]}}],"collection":[{"href":"https:\/\/vocesparalelas.com.ar\/sitio\/wp-json\/wp\/v2\/posts"}],"about":[{"href":"https:\/\/vocesparalelas.com.ar\/sitio\/wp-json\/wp\/v2\/types\/post"}],"author":[{"embeddable":true,"href":"https:\/\/vocesparalelas.com.ar\/sitio\/wp-json\/wp\/v2\/users\/3"}],"replies":[{"embeddable":true,"href":"https:\/\/vocesparalelas.com.ar\/sitio\/wp-json\/wp\/v2\/comments?post=56805"}],"version-history":[{"count":1,"href":"https:\/\/vocesparalelas.com.ar\/sitio\/wp-json\/wp\/v2\/posts\/56805\/revisions"}],"predecessor-version":[{"id":56808,"href":"https:\/\/vocesparalelas.com.ar\/sitio\/wp-json\/wp\/v2\/posts\/56805\/revisions\/56808"}],"wp:featuredmedia":[{"embeddable":true,"href":"https:\/\/vocesparalelas.com.ar\/sitio\/wp-json\/wp\/v2\/media\/40018"}],"wp:attachment":[{"href":"https:\/\/vocesparalelas.com.ar\/sitio\/wp-json\/wp\/v2\/media?parent=56805"}],"wp:term":[{"taxonomy":"category","embeddable":true,"href":"https:\/\/vocesparalelas.com.ar\/sitio\/wp-json\/wp\/v2\/categories?post=56805"},{"taxonomy":"post_tag","embeddable":true,"href":"https:\/\/vocesparalelas.com.ar\/sitio\/wp-json\/wp\/v2\/tags?post=56805"}],"curies":[{"name":"wp","href":"https:\/\/api.w.org\/{rel}","templated":true}]}}