{"id":56800,"date":"2023-02-23T21:02:41","date_gmt":"2023-02-24T00:02:41","guid":{"rendered":"https:\/\/vocesparalelas.com.ar\/sitio\/?p=56800"},"modified":"2023-02-26T13:07:56","modified_gmt":"2023-02-26T16:07:56","slug":"paritaria-docente-de-san-juan-propone-un-aumento-salarial-y-revision-en-julio-de-2023","status":"publish","type":"post","link":"https:\/\/vocesparalelas.com.ar\/sitio\/paritaria-docente-de-san-juan-propone-un-aumento-salarial-y-revision-en-julio-de-2023\/","title":{"rendered":"Paritaria Docente de San Juan propone un aumento salarial y revisi\u00f3n en Julio de 2023"},"content":{"rendered":"<p>En el Ministerio de Educaci\u00f3n del Gobierno de San Juan, el Jueves, 23 de Febrero, se desarroll\u00f3 la Reuni\u00f3n Paritaria Docente 2023 para tratar el aumento salarial del sector.<\/p>\n<p>Se reunieron la Ministra de Educaci\u00f3n, Lic. Cecilia Trincado Moncho y de Hacienda y Finanzas CPN Marisa L\u00f3pez y dem\u00e1s autoridades. Adem\u00e1s, estuvieron presentes el Secretario General de UDAP, Secretario General Luis Lucero, el Secretario General de UDA, Lic. Lucio V\u00e1zquez, el Secretario General de AMET, Prof. Daniel Quiroga.<\/p>\n<p>Las autoridades del Gobierno de San Juan resaltaron la importancia de las propuestas prudentes y responsables que no contribuyan a generar situaciones de imposibilidad de pago en tiempo y forma de los salarios, generando previsibilidad en el bolsillo a todos los docentes de la Provincia de San Juan.<\/p>\n<p>Ponen en valor que la Provincia de San Juan, garantiza el cumplimiento de la paritaria nacional docente en todos sus puntos. Agrega que los recursos son finitos y el gasto debe equipararse a la recaudaci\u00f3n y nunca superarlo para asegurar el equilibrio fiscal, situaci\u00f3n que ha permitido a lo largo de los a\u00f1os la recuperaci\u00f3n del salario de los docentes.<\/p>\n<p><span style=\"color: #339966;\"><strong>Propuesta del Gobierno de San Juan<\/strong><\/span><\/p>\n<p>Otorgar un incremento a partir de los haberes de Marzo de 2023 el 31,1%, incluido en tal porcentaje el 11,1% de incremento otorgado en Enero 2023 y Febrero 2023 y establece un mecanismo de actualizaci\u00f3n salarial, consistente en considerar la evoluci\u00f3n del \u00edndice de inflaci\u00f3n, garantizando que se mantenga la diferencia del 5% en favor de los salarios.<\/p>\n<p>Luego, propone una instancia de revisi\u00f3n para el mes de Julio 2023.<\/p>\n<p>De esta manera, los representantes de los gremios Docentes de San Juan solicitaron un cuarto intermedio a fin de debatir la propuesta.<\/p>\n<p>Posteriormente, los representantes sindicales manifestaron que la propuesta es insuficiente, solicitando se mejore la misma.<\/p>\n<p>Es as\u00ed que la Ministra de Hacienda y Finanzas en representaci\u00f3n del Gobierno de la Provincia de San Juan, realiz\u00f3 una nueva propuesta, consistente en:<\/p>\n<p><strong>Un incremento del 31,1% a partir de los haberes de Marzo 2023, incluido en el mismo el 11,1% ya otorgado correspondiente a Enero y Febrero, el 10% de incremento a partir de Mayo y revisi\u00f3n salarial en Julio 2023.<\/strong><\/p>\n<p>Por esta propuesta, los gremios docentes solicitaron la consulta que fue aceptada por las partes y pasa la convocatoria para el Martes, 28 de Febrero, a las 10 hs. en el Ministerio de Educaci\u00f3n.<\/p>\n<p>Se dej\u00f3 en claro que el Gobierno de San Juan mantiene el principio de d\u00eda trabajado d\u00eda pagado, dado que no hacerlo implica incurrir en perjuicio fiscal.<\/p>\n<p>&nbsp;<\/p>\n","protected":false},"excerpt":{"rendered":"<p>En el Ministerio de Educaci\u00f3n del Gobierno de San Juan, el Jueves, 23 de Febrero, se desarroll\u00f3 la Reuni\u00f3n Paritaria<\/p>\n","protected":false},"author":3,"featured_media":56691,"comment_status":"closed","ping_status":"closed","sticky":false,"template":"","format":"standard","meta":{"_acf_changed":false,"_seopress_robots_primary_cat":"none","_seopress_titles_title":"","_seopress_titles_desc":"","_seopress_robots_index":"","colormag_page_container_layout":"default_layout","colormag_page_sidebar_layout":"default_layout","footnotes":""},"categories":[10],"tags":[],"class_list":["post-56800","post","type-post","status-publish","format-standard","has-post-thumbnail","hentry","category-opiniones"],"acf":[],"_links":{"self":[{"href":"https:\/\/vocesparalelas.com.ar\/sitio\/wp-json\/wp\/v2\/posts\/56800","targetHints":{"allow":["GET"]}}],"collection":[{"href":"https:\/\/vocesparalelas.com.ar\/sitio\/wp-json\/wp\/v2\/posts"}],"about":[{"href":"https:\/\/vocesparalelas.com.ar\/sitio\/wp-json\/wp\/v2\/types\/post"}],"author":[{"embeddable":true,"href":"https:\/\/vocesparalelas.com.ar\/sitio\/wp-json\/wp\/v2\/users\/3"}],"replies":[{"embeddable":true,"href":"https:\/\/vocesparalelas.com.ar\/sitio\/wp-json\/wp\/v2\/comments?post=56800"}],"version-history":[{"count":2,"href":"https:\/\/vocesparalelas.com.ar\/sitio\/wp-json\/wp\/v2\/posts\/56800\/revisions"}],"predecessor-version":[{"id":56804,"href":"https:\/\/vocesparalelas.com.ar\/sitio\/wp-json\/wp\/v2\/posts\/56800\/revisions\/56804"}],"wp:featuredmedia":[{"embeddable":true,"href":"https:\/\/vocesparalelas.com.ar\/sitio\/wp-json\/wp\/v2\/media\/56691"}],"wp:attachment":[{"href":"https:\/\/vocesparalelas.com.ar\/sitio\/wp-json\/wp\/v2\/media?parent=56800"}],"wp:term":[{"taxonomy":"category","embeddable":true,"href":"https:\/\/vocesparalelas.com.ar\/sitio\/wp-json\/wp\/v2\/categories?post=56800"},{"taxonomy":"post_tag","embeddable":true,"href":"https:\/\/vocesparalelas.com.ar\/sitio\/wp-json\/wp\/v2\/tags?post=56800"}],"curies":[{"name":"wp","href":"https:\/\/api.w.org\/{rel}","templated":true}]}}