{"id":56790,"date":"2023-02-22T23:00:40","date_gmt":"2023-02-23T02:00:40","guid":{"rendered":"https:\/\/vocesparalelas.com.ar\/sitio\/?p=56790"},"modified":"2023-04-16T20:14:30","modified_gmt":"2023-04-16T23:14:30","slug":"la-lista-celeste-sentir-docente-participa-de-las-elecciones-de-udap-2023-2027","status":"publish","type":"post","link":"https:\/\/vocesparalelas.com.ar\/sitio\/la-lista-celeste-sentir-docente-participa-de-las-elecciones-de-udap-2023-2027\/","title":{"rendered":"La Lista Celeste \u2013 Sentir Docente participa de las Elecciones de UDAP 2023-2027"},"content":{"rendered":"<p>La Junta Electoral del gremio UDAP de San Juan 2023\/2027 convoc\u00f3 a una conferencia de prensa porque el Martes, 21 de Febrero de 2023, emiti\u00f3 la Resoluci\u00f3n N\u00b0 4, donde se present\u00f3 y se justifica las irregularidades de los candidatos de la Lista Verde \u2013 Integraci\u00f3n Docente frente a la presentaci\u00f3n de la Lista Celeste \u2013 Sentir Docente, paso previo a las Elecciones para renovar las autoridades de la instituci\u00f3n, el 13 de Abril de 2023.<\/p>\n<p>En la conferencia de prensa estuvieron presentes la\u00a0Presidenta de la Junta Electoral de UDAP Susana Ruiz, los vocales Titulares Vilma G\u00f3mez y Alberto Talquenca, el Vocal Suplente Jorge Olivera y el Abogado Daniel Persichella.<\/p>\n<p>La Presidenta de la Junta Electoral de UDAP Susana Ruiz el motivo de la conferencia de prensa y que el Abogado Daniel Persichella anunci\u00f3 las irregularidades que present\u00f3 la Lista Verde \u2013 Integraci\u00f3n Docente que no cumpli\u00f3 con los requisitos.<\/p>\n<p><iframe loading=\"lazy\" title=\"UDAP ELECCIONES 2023\" width=\"800\" height=\"450\" src=\"https:\/\/www.youtube.com\/embed\/3kUNsiE8kWQ?feature=oembed\" frameborder=\"0\" allow=\"accelerometer; autoplay; clipboard-write; encrypted-media; gyroscope; picture-in-picture; web-share\" allowfullscreen><\/iframe><\/p>\n<p>El Abogado Daniel Persichella puntualiz\u00f3 que se debe respetar los pasos para presentar candidatos en una lista para las elecciones.<\/p>\n<p><iframe loading=\"lazy\" title=\"UDAP ELECCIONES 2023\" width=\"800\" height=\"450\" src=\"https:\/\/www.youtube.com\/embed\/UX5icgPXzSg?feature=oembed\" frameborder=\"0\" allow=\"accelerometer; autoplay; clipboard-write; encrypted-media; gyroscope; picture-in-picture; web-share\" allowfullscreen><\/iframe><\/p>\n<p>Finalmente, el Abogado Daniel Persichella destac\u00f3 que la Lista Celeste \u2013 Sentir Docente es la \u00fanica que se presenta a las Elecciones de UDAP el 13 de Abril.<\/p>\n<p><iframe loading=\"lazy\" title=\"UDAP ELECCIONES 2023\" width=\"800\" height=\"450\" src=\"https:\/\/www.youtube.com\/embed\/LNtUmScWQJQ?feature=oembed\" frameborder=\"0\" allow=\"accelerometer; autoplay; clipboard-write; encrypted-media; gyroscope; picture-in-picture; web-share\" allowfullscreen><\/iframe><\/p>\n<p>&nbsp;<\/p>\n<blockquote class=\"wp-embedded-content\" data-secret=\"KCJMQlmSnq\"><p><a href=\"https:\/\/vocesparalelas.com.ar\/sitio\/hacia-las-elecciones-de-udap-el-13-de-abril-de-2023\/\">Hacia las Elecciones de UDAP el 13 de Abril de 2023<\/a><\/p><\/blockquote>\n<p><iframe loading=\"lazy\" class=\"wp-embedded-content\" sandbox=\"allow-scripts\" security=\"restricted\" style=\"position: absolute; clip: rect(1px, 1px, 1px, 1px);\" title=\"\u00abHacia las Elecciones de UDAP el 13 de Abril de 2023\u00bb \u2014 Voces Paralelas\" src=\"https:\/\/vocesparalelas.com.ar\/sitio\/hacia-las-elecciones-de-udap-el-13-de-abril-de-2023\/embed\/#?secret=ftOCfPLhs0#?secret=KCJMQlmSnq\" data-secret=\"KCJMQlmSnq\" width=\"600\" height=\"338\" frameborder=\"0\" marginwidth=\"0\" marginheight=\"0\" scrolling=\"no\"><\/iframe><\/p>\n<p>&nbsp;<\/p>\n<p>&nbsp;<\/p>\n","protected":false},"excerpt":{"rendered":"<p>La Junta Electoral del gremio UDAP de San Juan 2023\/2027 convoc\u00f3 a una conferencia de prensa porque el Martes, 21<\/p>\n","protected":false},"author":3,"featured_media":56793,"comment_status":"closed","ping_status":"closed","sticky":false,"template":"","format":"standard","meta":{"_acf_changed":false,"_seopress_robots_primary_cat":"none","_seopress_titles_title":"","_seopress_titles_desc":"","_seopress_robots_index":"","colormag_page_container_layout":"default_layout","colormag_page_sidebar_layout":"default_layout","footnotes":""},"categories":[10,7],"tags":[],"class_list":["post-56790","post","type-post","status-publish","format-standard","has-post-thumbnail","hentry","category-opiniones","category-videos"],"acf":[],"_links":{"self":[{"href":"https:\/\/vocesparalelas.com.ar\/sitio\/wp-json\/wp\/v2\/posts\/56790","targetHints":{"allow":["GET"]}}],"collection":[{"href":"https:\/\/vocesparalelas.com.ar\/sitio\/wp-json\/wp\/v2\/posts"}],"about":[{"href":"https:\/\/vocesparalelas.com.ar\/sitio\/wp-json\/wp\/v2\/types\/post"}],"author":[{"embeddable":true,"href":"https:\/\/vocesparalelas.com.ar\/sitio\/wp-json\/wp\/v2\/users\/3"}],"replies":[{"embeddable":true,"href":"https:\/\/vocesparalelas.com.ar\/sitio\/wp-json\/wp\/v2\/comments?post=56790"}],"version-history":[{"count":2,"href":"https:\/\/vocesparalelas.com.ar\/sitio\/wp-json\/wp\/v2\/posts\/56790\/revisions"}],"predecessor-version":[{"id":56795,"href":"https:\/\/vocesparalelas.com.ar\/sitio\/wp-json\/wp\/v2\/posts\/56790\/revisions\/56795"}],"wp:featuredmedia":[{"embeddable":true,"href":"https:\/\/vocesparalelas.com.ar\/sitio\/wp-json\/wp\/v2\/media\/56793"}],"wp:attachment":[{"href":"https:\/\/vocesparalelas.com.ar\/sitio\/wp-json\/wp\/v2\/media?parent=56790"}],"wp:term":[{"taxonomy":"category","embeddable":true,"href":"https:\/\/vocesparalelas.com.ar\/sitio\/wp-json\/wp\/v2\/categories?post=56790"},{"taxonomy":"post_tag","embeddable":true,"href":"https:\/\/vocesparalelas.com.ar\/sitio\/wp-json\/wp\/v2\/tags?post=56790"}],"curies":[{"name":"wp","href":"https:\/\/api.w.org\/{rel}","templated":true}]}}