{"id":56774,"date":"2023-02-22T21:38:28","date_gmt":"2023-02-23T00:38:28","guid":{"rendered":"https:\/\/vocesparalelas.com.ar\/sitio\/?p=56774"},"modified":"2023-02-22T22:09:20","modified_gmt":"2023-02-23T01:09:20","slug":"consejeros-regionales-de-coquimbo-presentes-en-la-camara-de-diputados-de-san-juan","status":"publish","type":"post","link":"https:\/\/vocesparalelas.com.ar\/sitio\/consejeros-regionales-de-coquimbo-presentes-en-la-camara-de-diputados-de-san-juan\/","title":{"rendered":"Consejeros regionales de Coquimbo presentes en la C\u00e1mara de Diputados de San Juan"},"content":{"rendered":"<div class=\"itemFullText jbintrotext\">\n<p>El vicepresidente primero en ejercicio de la presidencia de la C\u00e1mara de Diputados, Eduardo Cabello presidi\u00f3 una reuni\u00f3n de la comisi\u00f3n de Di\u00e1logo Pol\u00edtico integrada por Consejeros Regionales de Coquimbo &#8211; CORE -, de la Rep\u00fablica de Chile y diputados de San Juan, en el marco de una visita que realizan a la provincia para participar de la Fiesta Nacional del Sol 2023.<\/p>\n<\/div>\n<div class=\"itemFullText\">\n<p>La reuni\u00f3n fue cumplida en la sala de reuniones del segundo piso del edificio Anexo de la Legislatura y en la ocasi\u00f3n estuvieron presentes el presidente de la comisi\u00f3n de Di\u00e1logo Pol\u00edtico, CORE, Wladimir Pleticosic Orellana, a la vez titular de la comisi\u00f3n Ordenamiento Territorial, Planificaci\u00f3n e Infraestructura; el presidente del bloque Justicialista, diputado Juan Carlos Abarca y las legisladoras Marcela Monti, Fernanda Paredes y Florencia Pe\u00f1aloza.<\/p>\n<p>Tras la bienvenida ofrecida a los visitantes por parte del diputado Cabello, hizo lo propio el legislador Abarca y la reuni\u00f3n fue propicia para avanzar en temas relativos a la integraci\u00f3n regional en un marco de camarader\u00eda y amistad entre pueblos.<\/p>\n<p>Los Consejeros Regionales de Coquimbo (CORE) estuvieron representados por los titulares de la comisi\u00f3n de Relaciones Internacionales y Jur\u00eddicas, Marcelo Castagneto Arancibia, de la provincia de Elqui; de la comisi\u00f3n Ordenamiento Territorial, Planificaci\u00f3n e Infraestructura y actual presidente del Comit\u00e9 de Di\u00e1logo Pol\u00edtico, Wladimir Pleticosic Orellana, dela provincia de Limar\u00ed; de la comisi\u00f3n de Salud y Deportes, Ximena Ampuero Garc\u00eda, de la provincia de Elqui; de la comisi\u00f3n R\u00e9gimen Interno, Paola Cort\u00e9s Vega, de la provincia de Elqui; el vicepresidente de la comisi\u00f3n Salud y Deportes y presidente de la comisi\u00f3n Especial Emergencia H\u00eddrica, Darwin Ibacache Olivares, de la provincia de Choapa; el vicepresidente de la comisi\u00f3n de Ordenamiento Territorial, Planificaci\u00f3n e Infraestructura, David Mu\u00f1oz Mu\u00f1oz, de la provincia de Choapa y el vicepresidente de la comisi\u00f3n Educaci\u00f3n y Cultura, Juan Barraza Astorga, de la provincia de Choapa.<\/p>\n<p>Cabe se\u00f1alar que tambi\u00e9n estuvo presente el Secretario Regional Ministerial &#8211; SEREMI &#8211; de las Artes, Culturas y el Patrimonio, Cedric Steinlen Cuevas.<\/p>\n<\/div>\n","protected":false},"excerpt":{"rendered":"<p>El vicepresidente primero en ejercicio de la presidencia de la C\u00e1mara de Diputados, Eduardo Cabello presidi\u00f3 una reuni\u00f3n de la<\/p>\n","protected":false},"author":3,"featured_media":56777,"comment_status":"closed","ping_status":"closed","sticky":false,"template":"","format":"standard","meta":{"_acf_changed":false,"_seopress_robots_primary_cat":"none","_seopress_titles_title":"","_seopress_titles_desc":"","_seopress_robots_index":"","colormag_page_container_layout":"default_layout","colormag_page_sidebar_layout":"default_layout","footnotes":""},"categories":[1],"tags":[],"class_list":["post-56774","post","type-post","status-publish","format-standard","has-post-thumbnail","hentry","category-destacadas"],"acf":[],"_links":{"self":[{"href":"https:\/\/vocesparalelas.com.ar\/sitio\/wp-json\/wp\/v2\/posts\/56774","targetHints":{"allow":["GET"]}}],"collection":[{"href":"https:\/\/vocesparalelas.com.ar\/sitio\/wp-json\/wp\/v2\/posts"}],"about":[{"href":"https:\/\/vocesparalelas.com.ar\/sitio\/wp-json\/wp\/v2\/types\/post"}],"author":[{"embeddable":true,"href":"https:\/\/vocesparalelas.com.ar\/sitio\/wp-json\/wp\/v2\/users\/3"}],"replies":[{"embeddable":true,"href":"https:\/\/vocesparalelas.com.ar\/sitio\/wp-json\/wp\/v2\/comments?post=56774"}],"version-history":[{"count":1,"href":"https:\/\/vocesparalelas.com.ar\/sitio\/wp-json\/wp\/v2\/posts\/56774\/revisions"}],"predecessor-version":[{"id":56778,"href":"https:\/\/vocesparalelas.com.ar\/sitio\/wp-json\/wp\/v2\/posts\/56774\/revisions\/56778"}],"wp:featuredmedia":[{"embeddable":true,"href":"https:\/\/vocesparalelas.com.ar\/sitio\/wp-json\/wp\/v2\/media\/56777"}],"wp:attachment":[{"href":"https:\/\/vocesparalelas.com.ar\/sitio\/wp-json\/wp\/v2\/media?parent=56774"}],"wp:term":[{"taxonomy":"category","embeddable":true,"href":"https:\/\/vocesparalelas.com.ar\/sitio\/wp-json\/wp\/v2\/categories?post=56774"},{"taxonomy":"post_tag","embeddable":true,"href":"https:\/\/vocesparalelas.com.ar\/sitio\/wp-json\/wp\/v2\/tags?post=56774"}],"curies":[{"name":"wp","href":"https:\/\/api.w.org\/{rel}","templated":true}]}}