{"id":56769,"date":"2023-02-22T19:16:44","date_gmt":"2023-02-22T22:16:44","guid":{"rendered":"https:\/\/vocesparalelas.com.ar\/sitio\/?p=56769"},"modified":"2023-02-22T21:33:04","modified_gmt":"2023-02-23T00:33:04","slug":"a-disfrutar-la-fns-2023-en-san-juan","status":"publish","type":"post","link":"https:\/\/vocesparalelas.com.ar\/sitio\/a-disfrutar-la-fns-2023-en-san-juan\/","title":{"rendered":"A disfrutar la FNS 2023 en San Juan"},"content":{"rendered":"<p>En el Costanera Complejo Ferial, ubicado en el departamento Chimbas, el gobernador de San Juan, Sergio U\u00f1ac, acompa\u00f1ado de todo su gabinete, dio inicio a la edici\u00f3n 2023 de la Fiesta Nacional de Sol, en un marco impactante de p\u00fablico.<\/p>\n<p>En la previa al acto de apertura, el gobernador expres\u00f3 la felicidad de volver a tener \u201cesta gran fiesta que identifica a los sanjuaninos, una fiesta que podemos disfrutar en familia, que es una expresi\u00f3n cultural y tambi\u00e9n una fuente laboral para muchos sanjuaninos\u201d, dijo.<\/p>\n<p>U\u00f1ac destac\u00f3 que, seg\u00fan estimaciones del Ministerio de Turismo y Cultura, unas 10.400 personas trabajan en la fiesta, ya sea contratados por el Gobierno o por el sector privado, que tambi\u00e9n tiene en la fiesta una importante oportunidad de negocios.<\/p>\n<p>\u201cDurante esta gesti\u00f3n construimos este predio ferial en el departamento de Chimbas y decidimos darle utilidad y que los artistas sanjuaninos vuelvan a pensar que hay un Estado que se ocupa de la cultura, que est\u00e1 muy cerca, que genera oportunidades para los artistas y para todos los sanjuaninos\u201d, se\u00f1al\u00f3 el mandatario.<\/p>\n<p>Al respecto, la ministra de Turismo y Cultura de la Provincia, Claudia Grynszpan, destac\u00f3 el regreso de la FNS despu\u00e9s de dos a\u00f1os. \u201cConectados, el tema central de la Fiesta, es volver a encontrarnos porque la tecnolog\u00eda nos acerca, pero tambi\u00e9n es poder volver a encontrarnos cara a cara. En este predio hay m\u00e1s de 70 propuestas gastron\u00f3micas, 350 servicios de traslado, 10.400 personas acreditadas para trabajar, sin contar los 4000 artistas\u201d, dijo la ministra.<br \/>\nPor su parte, el gobernador puso en evidencia la gran cantidad de gente que se encontraba en el predio en la primera noche, \u201cno hay mejor prueba del \u00e9xito que esta cantidad de sanjuaninos y sanjuaninas para corroborar que este es el camino correcto\u201d, dijo.<\/p>\n<p>\u201cConectados marca tambi\u00e9n que hoy habitamos un San Juan distinto, un San Juan que diversific\u00f3 su matriz productiva, la industria, la miner\u00eda, el comercio, las energ\u00edas renovables, el cannabis medicinal y el turismo, que ha proyectado a San Juan de una manera inimaginable, fue la provincia que m\u00e1s creci\u00f3 en el turismo de eventos en 2022. Y tambi\u00e9n el deporte que adem\u00e1s del aporte a la salud tiene que ver con generar una actividad econ\u00f3mica que beneficia a los sanjuaninos\u201d, manifest\u00f3 el gobernador.<\/p>\n<h3>La FNS, entre las tres m\u00e1s importantes del pa\u00eds<\/h3>\n<p>Sobre una ponderaci\u00f3n que este a\u00f1o ubic\u00f3 a la FNS entre las tres m\u00e1s importantes del pa\u00eds, el gobernador asegur\u00f3 que es algo que lo llena de orgullo.<\/p>\n<p>\u201cEsto es lo que nos hemos animado a hacer en la provincia de San Juan, son decisiones que hemos tomado conjuntamente con todos los que pensamos que San Juan tiene presente, pero tambi\u00e9n mucho futuro. Estamos muy agradecidos a esa ponderaci\u00f3n que se hizo y que coloc\u00f3 a la Fiesta Nacional del Sol dentro de las tres fiestas m\u00e1s importantes que tiene la Rep\u00fablica y la de mayor expresi\u00f3n cultural. En este marco quiero agradecer a la ministra de Turismo y Cultura, Claudia Grynszpan, por todo lo que ha trabajado junto a su equipo; agradecer a los artistas y agradecer a cada uno de los sanjuaninos y a los turistas que son le van a dar el marco imponente que ya tiene esta fiesta\u201d, destac\u00f3 U\u00f1ac.<\/p>\n<p>Tambi\u00e9n destac\u00f3 las visitas y actividades en el marco de la FNS, como la reuni\u00f3n de COVIAR y la firma de convenios con el secretario de Industria de la Naci\u00f3n, Jos\u00e9 De Mendiguren.<\/p>\n<p>\u201cAgradecemos que esta reuni\u00f3n de Coviar se pueda hacer ac\u00e1 y podamos compartir la realidad de la vitivinicultura argentina, teniendo en cuenta que somos la segunda provincia vitivin\u00edcola pero la primera provincia en la producci\u00f3n de mosto, de uva de mesa y de pasas. Con De Mendiguren vamos a firmar un convenio para la construcci\u00f3n de un nuevo parque solar de 50 megas con una inversi\u00f3n de 40 millones de d\u00f3lares realizada entre el gobierno nacional y el gobierno provincial\u201d, se\u00f1al\u00f3.<\/p>\n<p>Para cerrar, el gobernador destac\u00f3 que \u201cEsta fiesta es de los sanjuaninos, para los sanjuaninos y para los turistas que nos visitan y que son los verdaderos protagonistas\u201d.<\/p>\n<p>&nbsp;<\/p>\n","protected":false},"excerpt":{"rendered":"<p>En el Costanera Complejo Ferial, ubicado en el departamento Chimbas, el gobernador de San Juan, Sergio U\u00f1ac, acompa\u00f1ado de todo<\/p>\n","protected":false},"author":3,"featured_media":56772,"comment_status":"closed","ping_status":"closed","sticky":false,"template":"","format":"standard","meta":{"_acf_changed":false,"_seopress_robots_primary_cat":"none","_seopress_titles_title":"","_seopress_titles_desc":"","_seopress_robots_index":"","colormag_page_container_layout":"default_layout","colormag_page_sidebar_layout":"default_layout","footnotes":""},"categories":[1],"tags":[],"class_list":["post-56769","post","type-post","status-publish","format-standard","has-post-thumbnail","hentry","category-destacadas"],"acf":[],"_links":{"self":[{"href":"https:\/\/vocesparalelas.com.ar\/sitio\/wp-json\/wp\/v2\/posts\/56769","targetHints":{"allow":["GET"]}}],"collection":[{"href":"https:\/\/vocesparalelas.com.ar\/sitio\/wp-json\/wp\/v2\/posts"}],"about":[{"href":"https:\/\/vocesparalelas.com.ar\/sitio\/wp-json\/wp\/v2\/types\/post"}],"author":[{"embeddable":true,"href":"https:\/\/vocesparalelas.com.ar\/sitio\/wp-json\/wp\/v2\/users\/3"}],"replies":[{"embeddable":true,"href":"https:\/\/vocesparalelas.com.ar\/sitio\/wp-json\/wp\/v2\/comments?post=56769"}],"version-history":[{"count":1,"href":"https:\/\/vocesparalelas.com.ar\/sitio\/wp-json\/wp\/v2\/posts\/56769\/revisions"}],"predecessor-version":[{"id":56773,"href":"https:\/\/vocesparalelas.com.ar\/sitio\/wp-json\/wp\/v2\/posts\/56769\/revisions\/56773"}],"wp:featuredmedia":[{"embeddable":true,"href":"https:\/\/vocesparalelas.com.ar\/sitio\/wp-json\/wp\/v2\/media\/56772"}],"wp:attachment":[{"href":"https:\/\/vocesparalelas.com.ar\/sitio\/wp-json\/wp\/v2\/media?parent=56769"}],"wp:term":[{"taxonomy":"category","embeddable":true,"href":"https:\/\/vocesparalelas.com.ar\/sitio\/wp-json\/wp\/v2\/categories?post=56769"},{"taxonomy":"post_tag","embeddable":true,"href":"https:\/\/vocesparalelas.com.ar\/sitio\/wp-json\/wp\/v2\/tags?post=56769"}],"curies":[{"name":"wp","href":"https:\/\/api.w.org\/{rel}","templated":true}]}}