{"id":56757,"date":"2023-02-22T17:48:43","date_gmt":"2023-02-22T20:48:43","guid":{"rendered":"https:\/\/vocesparalelas.com.ar\/sitio\/?p=56757"},"modified":"2023-02-23T22:31:58","modified_gmt":"2023-02-24T01:31:58","slug":"deben-presentar-factura-de-febrero-2023-contratados-de-educacion-de-san-juan","status":"publish","type":"post","link":"https:\/\/vocesparalelas.com.ar\/sitio\/deben-presentar-factura-de-febrero-2023-contratados-de-educacion-de-san-juan\/","title":{"rendered":"Deben presentar factura de Febrero 2023 Contratados de Educaci\u00f3n de San Juan"},"content":{"rendered":"<p>El Ministerio de Educaci\u00f3n del Gobierno de San Juan convoca a que las personas que poseen Contratos Administrativos de Servicios de Colaboraci\u00f3n, a presentar la Factura Electr\u00f3nica correspondiente al mes de febrero 2023 a su directivo para que la firme y selle al dorso. La factura deber\u00e1 ser presentada en el Centro C\u00edvico seg\u00fan el siguiente cronograma.<\/p>\n<p><span style=\"color: #339966;\"><strong>Servicios Generales<\/strong><\/span><\/p>\n<p><img loading=\"lazy\" decoding=\"async\" class=\"alignnone size-full wp-image-56760\" src=\"https:\/\/vocesparalelas.com.ar\/sitio\/wp-content\/uploads\/2023\/02\/EDUCACION-FEBRERO.jpg\" alt=\"\" width=\"800\" height=\"257\" srcset=\"https:\/\/vocesparalelas.com.ar\/sitio\/wp-content\/uploads\/2023\/02\/EDUCACION-FEBRERO.jpg 800w, https:\/\/vocesparalelas.com.ar\/sitio\/wp-content\/uploads\/2023\/02\/EDUCACION-FEBRERO-300x96.jpg 300w, https:\/\/vocesparalelas.com.ar\/sitio\/wp-content\/uploads\/2023\/02\/EDUCACION-FEBRERO-768x247.jpg 768w\" sizes=\"auto, (max-width: 800px) 100vw, 800px\" \/><\/p>\n<p><img loading=\"lazy\" decoding=\"async\" class=\"alignnone size-large wp-image-43597\" src=\"https:\/\/vocesparalelas.com.ar\/sitio\/wp-content\/uploads\/2021\/11\/MINISTERIO-EDUCACION-1-800x600.jpg\" alt=\"\" width=\"800\" height=\"600\" srcset=\"https:\/\/vocesparalelas.com.ar\/sitio\/wp-content\/uploads\/2021\/11\/MINISTERIO-EDUCACION-1-800x600.jpg 800w, https:\/\/vocesparalelas.com.ar\/sitio\/wp-content\/uploads\/2021\/11\/MINISTERIO-EDUCACION-1-300x225.jpg 300w, https:\/\/vocesparalelas.com.ar\/sitio\/wp-content\/uploads\/2021\/11\/MINISTERIO-EDUCACION-1-768x576.jpg 768w, https:\/\/vocesparalelas.com.ar\/sitio\/wp-content\/uploads\/2021\/11\/MINISTERIO-EDUCACION-1.jpg 1024w\" sizes=\"auto, (max-width: 800px) 100vw, 800px\" \/><\/p>\n<p><span style=\"color: #339966;\"><strong>Zonas Alejadas<\/strong><\/span><\/p>\n<p>Las personas contratadas que viven en los departamentos: Calingasta, Iglesia, J\u00e1chal y Valle F\u00e9rtil, deben entregar la factura electr\u00f3nica impresa a su director. El director debe presentarlas en un sobre en su Unidad de Gesti\u00f3n<\/p>\n<p><strong>Las facturas deben ser electr\u00f3nicas y confeccionadas de la siguiente manera:<\/strong><\/p>\n<p><strong>FACTURA MES DE FEBRERO 2023:<\/strong><\/p>\n<p><strong>FECHA DE EMISI\u00d3N:<\/strong>\u00a028\/02\/2023<\/p>\n<p><strong>PERIODO FACTURADO:<\/strong>\u00a0DESDE EL 01\/02\/2023 Hasta 28\/02\/2023<\/p>\n<p><strong>VENCIMIENTO:<\/strong>\u00a031\/03\/2023<\/p>\n<p><strong>CUIT GOBIERNO DE LA PROVINCIA:<\/strong>\u00a030-99901516-2<\/p>\n<p><strong>CONDICI\u00d3N FRENTE AL IVA:<\/strong>\u00a0IVA SUJETO EXENTO<\/p>\n<p><strong>CONDICI\u00d3N DE VENTA:<\/strong>\u00a0OTRA<\/p>\n<p><strong>DETALLE:<\/strong>\u00a0Pago de honorarios por Contrato Administrativo de Servicios de Colaboraci\u00f3n correspondiente al mes de febrero de 2023.-<\/p>\n<p><strong>MONTO A FACTURAR:<\/strong>\u00a0(PARA PORTEROS): $66.000,00.-<\/p>\n<p><strong>CONFORMACI\u00d3N DE FACTURA:<\/strong>\u00a0Al Dorso de la factura (en la parte de atr\u00e1s) deber\u00e1 colocar lo siguiente:<\/p>\n<p>\u201cART\u00cdCULOS 6\u00b0 Y 11\u00ba LEY N\u00ba 793-A. CL\u00c1USULA CUARTA DEL CONTRATO ADMINISTRATIVO DE SERVICIOS DE COLABORACI\u00d3N\u201d.<\/p>\n<p>SAN JUAN, 28 de febrero de 2023 . \u2013<\/p>\n<p>Firma y sello del directivo<\/p>\n<p><span style=\"color: #339966;\"><strong>PRESENTACI\u00d3N DE SEGURO<\/strong><\/span><\/p>\n<p>Constancia de pago del mes de febrero de 2023, (fotocopia legible con datos del asegurado y legalizada en el frente por el directivo). En caso de presentar el comprobante de pago emitido por el seguro, el mismo debe tener fecha de febrero de 2023. Sin excepci\u00f3n.<\/p>\n<p><span style=\"color: #339966;\"><strong>Contratados con funciones administrativas<\/strong><\/span><\/p>\n<p>La factura tienen que presentarla en la Oficina de Personal Administrativo, 2\u00b0 piso, N\u00facleo 2 en Centro C\u00edvico, con el monto correspondiente a cada contrato, el 23, 24, 27, 28 de febrero , de 7:30 a 13:30 hs.<\/p>\n<p>&nbsp;<\/p>\n","protected":false},"excerpt":{"rendered":"<p>El Ministerio de Educaci\u00f3n del Gobierno de San Juan convoca a que las personas que poseen Contratos Administrativos de Servicios<\/p>\n","protected":false},"author":3,"featured_media":37035,"comment_status":"closed","ping_status":"closed","sticky":false,"template":"","format":"standard","meta":{"_acf_changed":false,"_seopress_robots_primary_cat":"none","_seopress_titles_title":"","_seopress_titles_desc":"","_seopress_robots_index":"","colormag_page_container_layout":"default_layout","colormag_page_sidebar_layout":"default_layout","footnotes":""},"categories":[5],"tags":[],"class_list":["post-56757","post","type-post","status-publish","format-standard","has-post-thumbnail","hentry","category-ofrecimientos"],"acf":[],"_links":{"self":[{"href":"https:\/\/vocesparalelas.com.ar\/sitio\/wp-json\/wp\/v2\/posts\/56757","targetHints":{"allow":["GET"]}}],"collection":[{"href":"https:\/\/vocesparalelas.com.ar\/sitio\/wp-json\/wp\/v2\/posts"}],"about":[{"href":"https:\/\/vocesparalelas.com.ar\/sitio\/wp-json\/wp\/v2\/types\/post"}],"author":[{"embeddable":true,"href":"https:\/\/vocesparalelas.com.ar\/sitio\/wp-json\/wp\/v2\/users\/3"}],"replies":[{"embeddable":true,"href":"https:\/\/vocesparalelas.com.ar\/sitio\/wp-json\/wp\/v2\/comments?post=56757"}],"version-history":[{"count":1,"href":"https:\/\/vocesparalelas.com.ar\/sitio\/wp-json\/wp\/v2\/posts\/56757\/revisions"}],"predecessor-version":[{"id":56761,"href":"https:\/\/vocesparalelas.com.ar\/sitio\/wp-json\/wp\/v2\/posts\/56757\/revisions\/56761"}],"wp:featuredmedia":[{"embeddable":true,"href":"https:\/\/vocesparalelas.com.ar\/sitio\/wp-json\/wp\/v2\/media\/37035"}],"wp:attachment":[{"href":"https:\/\/vocesparalelas.com.ar\/sitio\/wp-json\/wp\/v2\/media?parent=56757"}],"wp:term":[{"taxonomy":"category","embeddable":true,"href":"https:\/\/vocesparalelas.com.ar\/sitio\/wp-json\/wp\/v2\/categories?post=56757"},{"taxonomy":"post_tag","embeddable":true,"href":"https:\/\/vocesparalelas.com.ar\/sitio\/wp-json\/wp\/v2\/tags?post=56757"}],"curies":[{"name":"wp","href":"https:\/\/api.w.org\/{rel}","templated":true}]}}