{"id":56751,"date":"2023-02-22T17:38:25","date_gmt":"2023-02-22T20:38:25","guid":{"rendered":"https:\/\/vocesparalelas.com.ar\/sitio\/?p=56751"},"modified":"2023-02-24T00:20:12","modified_gmt":"2023-02-24T03:20:12","slug":"cubre-los-costos-del-dai-la-osp-san-juan-para-beneficiar-a-los-afiliados","status":"publish","type":"post","link":"https:\/\/vocesparalelas.com.ar\/sitio\/cubre-los-costos-del-dai-la-osp-san-juan-para-beneficiar-a-los-afiliados\/","title":{"rendered":"Cubre los costos del DAI la OSP San Juan para beneficiar a los afiliados"},"content":{"rendered":"<div class=\"itemFullText\">\n<p>El Ministerio de Salud P\u00fablica y la Obra Social Provincia de San Juan, anunciaron un nuevo beneficio para los afiliados que requieran el acompa\u00f1amiento de un Docente Auxiliar Integrador &#8211; DAI &#8211; para sus hijas e hijos, cubriendo el valor de esta prestaci\u00f3n.<\/p>\n<p>Con esta gesti\u00f3n, que contin\u00faa sumando valor al trabajo docente, el Gobierno de San Juan crea una nueva soluci\u00f3n que estar\u00e1 disponible a partir del Febrero de 2023 bajo resoluci\u00f3n N\u00b0 00365 \u2013 2023.<\/p>\n<p><strong><span style=\"color: #ff0000;\">Requisitos para acceder a la prestaci\u00f3n<\/span><\/strong><\/p>\n<ul>\n<li>Nota de solicitud de cobertura.<\/li>\n<li>Copia del Certificado \u00danico de Discapacidad junto con el pedido m\u00e9dico y diagn\u00f3stico que justifique la prestaci\u00f3n e historia cl\u00ednica con objetivos terap\u00e9uticos del equipo tratante.<\/li>\n<li>En caso de no poseer CUD, deber\u00e1n presentar certificado del profesional m\u00e9dico especialista (psiquiatra o neur\u00f3logo) e historia cl\u00ednica con objetivos terap\u00e9uticos sugeridos.<\/li>\n<li>Tanto afiliados con o sin CUD, deber\u00e1n adjuntar el informe evolutivo del afiliado a incorporar que estar\u00e1 a cargo del Gabinete Interdisciplinario del establecimiento educativo al que asiste.<\/li>\n<li>En este informe, el gabinete deber\u00e1 evaluar el acompa\u00f1amiento y perfil del DAI, de acuerdo a las necesidades de aprendizaje de la alumna o alumno.<\/li>\n<li>Acta compromiso que deber\u00e1n firmar los padres, representantes del establecimiento educativo y el o la DAI.<\/li>\n<li>Certificado de alumno regular expedido por la instituci\u00f3n educativa a la que asiste el afiliado, indicando el curso o grado y el turno.<\/li>\n<li>Constancia de CBU del docente auxiliar integrador para la acreditaci\u00f3n del pago por sus servicios.<\/li>\n<\/ul>\n<p>El afiliado que solicite la prestaci\u00f3n deber\u00e1 presentar trimestralmente un informe del Gabinete Interdisciplinario del establecimiento educativo que determine el progreso del alumno o alumna y la conveniencia de la continuidad de este servicio.<\/p>\n<p>El informe deber\u00e1 consignar un an\u00e1lisis de la labor del DAI en relaci\u00f3n con el asistido y la pertinencia de su continuidad.<\/p>\n<p><span style=\"color: #ff0000;\"><strong>Qui\u00e9nes pueden ser DAI<\/strong><\/span><\/p>\n<p>Vale destacar que ser\u00e1n considerados aptos para la cubrir el rol de DAI los profesionales recibidos o estudiantes avanzados que acrediten legalmente por la casa de estudios el 80% de sus carreras, con historial acad\u00e9mico de materias aprobadas.<\/p>\n<p>En el caso de los profesionales recibidos, deber\u00e1n contar con t\u00edtulo expedido por establecimientos avalados por el Ministerio de Educaci\u00f3n de la Provincia o la Naci\u00f3n.<\/p>\n<p>Es importante aclarar que los perfiles de profesionales sugeridos para la tarea de DAI ser\u00e1n:<\/p>\n<p>Docente de Educaci\u00f3n Especial; Psic\u00f3logo; Psicopedagogo; Docente de Educaci\u00f3n Primaria, Secundaria o EGB; Docente de Nivel Inicial (este \u00faltimo perfil es apto \u00fanicamente para Nivel Inicial)<\/p>\n<p>En el caso de preferir profesionales o estudiantes avanzados de otras carreras, deber\u00e1n presentar justificaci\u00f3n del Gabinete Interdisciplinario del establecimiento educativo.<\/p>\n<p><span style=\"color: #ff0000;\"><strong>Sobre el transcurso de la presentaci\u00f3n<\/strong><\/span><\/p>\n<p>La Direcci\u00f3n de Obra Social Provincia aclara que autorizar\u00e1 \u00fanicamente hasta dos asistencias distintas a un mismo DAI y deber\u00e1n ser prestaciones para distintos afiliados, en diferentes turnos, bajo supervisi\u00f3n del Gabinete Interdisciplinario del a instituci\u00f3n.<\/p>\n<p>Ser\u00e1 responsabilidad exclusiva del afiliado directo comunicar a la Direcci\u00f3n de Obra Social Provincia sobre cualquier modificaci\u00f3n que se presente durante el transcurso de la prestaci\u00f3n, tanto en el caso de cambio de DAI, de establecimiento del asistido, de la cuenta bancaria del DAI as\u00ed como cualquier otra modificaci\u00f3n que conlleve una modificaci\u00f3n sustancial en la relaci\u00f3n entre las partes. Todo esto bajo pena de no dar curso al pago de las prestaciones.<\/p>\n<p><span style=\"color: #ff0000;\"><strong>\u00bfC\u00f3mo ser\u00e1 el pago?<\/strong><\/span><\/p>\n<p>El afiliado directo deber\u00e1 presentar durante los primeros 5 d\u00edas h\u00e1biles del mes de pago la siguiente documentaci\u00f3n<\/p>\n<ol>\n<li>a) Factura electr\u00f3nica, confeccionada conforme a las normas legales e impositivas y de acuerdo a los d\u00edas trabajados.<\/li>\n<li>b) Planilla de asistencia conforme a formulario expedido por la Direcci\u00f3n de Obra Social Provincia, firmada por el DAI, el padre, la madre o tutor del asistido y el responsable del establecimiento educativo.<\/li>\n<li>c) La constancia de CBU donde se depositar\u00e1n los pagos, en caso de no haber sido presentada al solicitar la prestaci\u00f3n.<\/li>\n<\/ol>\n<p>Vale aclarar que la Direcci\u00f3n de Obra Social Provincia abonar\u00e1 \u00fanicamente los d\u00edas efectivamente trabajados por el DAI, excluyendo inasistencias o meses donde no haya actividad del ciclo lectivo, feriados, asuetos o receso invernal o de verano.<\/p>\n<p>En caso de que el afiliado directo no presente la documentaci\u00f3n para el pago durante dos meses seguidos, se dar\u00e1 de baja a la prestaci\u00f3n.<\/p>\n<p>La documentaci\u00f3n presentada por el afiliado que solicita el servicio, tendr\u00e1 validez por el ciclo lectivo del a\u00f1o.<\/p>\n<\/div>\n<div class=\"clr\"><img loading=\"lazy\" decoding=\"async\" class=\"alignnone size-full wp-image-53683\" src=\"https:\/\/vocesparalelas.com.ar\/sitio\/wp-content\/uploads\/2022\/10\/OSP-EDIFICIO.jpg\" alt=\"\" width=\"800\" height=\"600\" srcset=\"https:\/\/vocesparalelas.com.ar\/sitio\/wp-content\/uploads\/2022\/10\/OSP-EDIFICIO.jpg 800w, https:\/\/vocesparalelas.com.ar\/sitio\/wp-content\/uploads\/2022\/10\/OSP-EDIFICIO-300x225.jpg 300w, https:\/\/vocesparalelas.com.ar\/sitio\/wp-content\/uploads\/2022\/10\/OSP-EDIFICIO-768x576.jpg 768w\" sizes=\"auto, (max-width: 800px) 100vw, 800px\" \/><\/div>\n<div class=\"itemContentFooter\"><\/div>\n","protected":false},"excerpt":{"rendered":"<p>El Ministerio de Salud P\u00fablica y la Obra Social Provincia de San Juan, anunciaron un nuevo beneficio para los afiliados<\/p>\n","protected":false},"author":3,"featured_media":35213,"comment_status":"closed","ping_status":"closed","sticky":false,"template":"","format":"standard","meta":{"_acf_changed":false,"_seopress_robots_primary_cat":"none","_seopress_titles_title":"","_seopress_titles_desc":"","_seopress_robots_index":"","colormag_page_container_layout":"default_layout","colormag_page_sidebar_layout":"default_layout","footnotes":""},"categories":[10],"tags":[],"class_list":["post-56751","post","type-post","status-publish","format-standard","has-post-thumbnail","hentry","category-opiniones"],"acf":[],"_links":{"self":[{"href":"https:\/\/vocesparalelas.com.ar\/sitio\/wp-json\/wp\/v2\/posts\/56751","targetHints":{"allow":["GET"]}}],"collection":[{"href":"https:\/\/vocesparalelas.com.ar\/sitio\/wp-json\/wp\/v2\/posts"}],"about":[{"href":"https:\/\/vocesparalelas.com.ar\/sitio\/wp-json\/wp\/v2\/types\/post"}],"author":[{"embeddable":true,"href":"https:\/\/vocesparalelas.com.ar\/sitio\/wp-json\/wp\/v2\/users\/3"}],"replies":[{"embeddable":true,"href":"https:\/\/vocesparalelas.com.ar\/sitio\/wp-json\/wp\/v2\/comments?post=56751"}],"version-history":[{"count":3,"href":"https:\/\/vocesparalelas.com.ar\/sitio\/wp-json\/wp\/v2\/posts\/56751\/revisions"}],"predecessor-version":[{"id":56756,"href":"https:\/\/vocesparalelas.com.ar\/sitio\/wp-json\/wp\/v2\/posts\/56751\/revisions\/56756"}],"wp:featuredmedia":[{"embeddable":true,"href":"https:\/\/vocesparalelas.com.ar\/sitio\/wp-json\/wp\/v2\/media\/35213"}],"wp:attachment":[{"href":"https:\/\/vocesparalelas.com.ar\/sitio\/wp-json\/wp\/v2\/media?parent=56751"}],"wp:term":[{"taxonomy":"category","embeddable":true,"href":"https:\/\/vocesparalelas.com.ar\/sitio\/wp-json\/wp\/v2\/categories?post=56751"},{"taxonomy":"post_tag","embeddable":true,"href":"https:\/\/vocesparalelas.com.ar\/sitio\/wp-json\/wp\/v2\/tags?post=56751"}],"curies":[{"name":"wp","href":"https:\/\/api.w.org\/{rel}","templated":true}]}}