{"id":56735,"date":"2023-02-21T13:50:16","date_gmt":"2023-02-21T16:50:16","guid":{"rendered":"https:\/\/vocesparalelas.com.ar\/sitio\/?p=56735"},"modified":"2023-02-22T22:46:58","modified_gmt":"2023-02-23T01:46:58","slug":"se-proyecta-la-pelicula-bailamos","status":"publish","type":"post","link":"https:\/\/vocesparalelas.com.ar\/sitio\/se-proyecta-la-pelicula-bailamos\/","title":{"rendered":"Se proyecta la pel\u00edcula \u00ab\u00bfBailamos?\u00bb"},"content":{"rendered":"<p>El Ciclo de cine de verano 2023 de la Facultad de Filosof\u00eda Humanidades y Artes de\u00a0 la UNSJ y Carlos Cerimedo, cierra el Mi\u00e9rcoles, 1 de Marzo, a las 21,30 hs.; en el Anfiteatro Buenaventura Luna del Auditorio de San Juan con la proyecci\u00f3n de la pel\u00edcula \u00ab\u00bfBailamos?\u00bb. La entrada es libre y gratuita<\/p>\n<p><span style=\"color: #339966;\"><strong>Ficha T\u00e9cnica \u00ab\u00bfBailamos?\u00bb<\/strong><\/span><\/p>\n<ul>\n<li>Direcci\u00f3n: Peter Chelsom<\/li>\n<li>Reparto:\u00a0Richard Gere, Jennifer Lopez, Susan Sarandon, Stanley Tucci, Bobby Cannavale, Nick Cannon, Anita Gillett, Lisa Ann Walter, Mya, Omar Benson<\/li>\n<\/ul>\n<p><span style=\"color: #339966;\"><strong>S\u00edntesis<\/strong><\/span><\/p>\n<p>&nbsp;<\/p>\n<p><iframe loading=\"lazy\" title=\"&quot;\u00bfBailamos?&quot; (Shall We Dance)  2004  Trailer VO\" width=\"800\" height=\"450\" src=\"https:\/\/www.youtube.com\/embed\/8OH95TQYDhU?feature=oembed\" frameborder=\"0\" allow=\"accelerometer; autoplay; clipboard-write; encrypted-media; gyroscope; picture-in-picture; web-share\" allowfullscreen><\/iframe><\/p>\n<p>La vida de John Cark, un abogado adicto al trabajo, da un giro inesperado cuando, siguiendo a una bella mujer que resulta ser una bailarina, se inscribe en una clase de baile. A medida que supera su torpeza, se da cuenta de que su pasi\u00f3n por el baile es mayor que la atracci\u00f3n que siente por la bailarina. Contin\u00faa sus clases, pero ocult\u00e1ndoselo a su familia y a sus compa\u00f1eros de trabajo.<\/p>\n<p><img loading=\"lazy\" decoding=\"async\" class=\"alignnone size-large wp-image-43889\" src=\"https:\/\/vocesparalelas.com.ar\/sitio\/wp-content\/uploads\/2021\/11\/FFHA-FRENTE-1-800x600.jpg\" alt=\"\" width=\"800\" height=\"600\" srcset=\"https:\/\/vocesparalelas.com.ar\/sitio\/wp-content\/uploads\/2021\/11\/FFHA-FRENTE-1-800x600.jpg 800w, https:\/\/vocesparalelas.com.ar\/sitio\/wp-content\/uploads\/2021\/11\/FFHA-FRENTE-1-300x225.jpg 300w, https:\/\/vocesparalelas.com.ar\/sitio\/wp-content\/uploads\/2021\/11\/FFHA-FRENTE-1-768x576.jpg 768w, https:\/\/vocesparalelas.com.ar\/sitio\/wp-content\/uploads\/2021\/11\/FFHA-FRENTE-1.jpg 1024w\" sizes=\"auto, (max-width: 800px) 100vw, 800px\" \/><\/p>\n","protected":false},"excerpt":{"rendered":"<p>El Ciclo de cine de verano 2023 de la Facultad de Filosof\u00eda Humanidades y Artes de\u00a0 la UNSJ y Carlos<\/p>\n","protected":false},"author":3,"featured_media":56738,"comment_status":"closed","ping_status":"closed","sticky":false,"template":"","format":"video","meta":{"_acf_changed":false,"_seopress_robots_primary_cat":"none","_seopress_titles_title":"","_seopress_titles_desc":"","_seopress_robots_index":"","colormag_page_container_layout":"default_layout","colormag_page_sidebar_layout":"default_layout","footnotes":""},"categories":[20,7],"tags":[],"class_list":["post-56735","post","type-post","status-publish","format-video","has-post-thumbnail","hentry","category-cartelera","category-videos","post_format-post-format-video"],"acf":[],"_links":{"self":[{"href":"https:\/\/vocesparalelas.com.ar\/sitio\/wp-json\/wp\/v2\/posts\/56735","targetHints":{"allow":["GET"]}}],"collection":[{"href":"https:\/\/vocesparalelas.com.ar\/sitio\/wp-json\/wp\/v2\/posts"}],"about":[{"href":"https:\/\/vocesparalelas.com.ar\/sitio\/wp-json\/wp\/v2\/types\/post"}],"author":[{"embeddable":true,"href":"https:\/\/vocesparalelas.com.ar\/sitio\/wp-json\/wp\/v2\/users\/3"}],"replies":[{"embeddable":true,"href":"https:\/\/vocesparalelas.com.ar\/sitio\/wp-json\/wp\/v2\/comments?post=56735"}],"version-history":[{"count":1,"href":"https:\/\/vocesparalelas.com.ar\/sitio\/wp-json\/wp\/v2\/posts\/56735\/revisions"}],"predecessor-version":[{"id":56739,"href":"https:\/\/vocesparalelas.com.ar\/sitio\/wp-json\/wp\/v2\/posts\/56735\/revisions\/56739"}],"wp:featuredmedia":[{"embeddable":true,"href":"https:\/\/vocesparalelas.com.ar\/sitio\/wp-json\/wp\/v2\/media\/56738"}],"wp:attachment":[{"href":"https:\/\/vocesparalelas.com.ar\/sitio\/wp-json\/wp\/v2\/media?parent=56735"}],"wp:term":[{"taxonomy":"category","embeddable":true,"href":"https:\/\/vocesparalelas.com.ar\/sitio\/wp-json\/wp\/v2\/categories?post=56735"},{"taxonomy":"post_tag","embeddable":true,"href":"https:\/\/vocesparalelas.com.ar\/sitio\/wp-json\/wp\/v2\/tags?post=56735"}],"curies":[{"name":"wp","href":"https:\/\/api.w.org\/{rel}","templated":true}]}}