{"id":56703,"date":"2023-02-17T21:55:58","date_gmt":"2023-02-18T00:55:58","guid":{"rendered":"https:\/\/vocesparalelas.com.ar\/sitio\/?p=56703"},"modified":"2023-02-17T23:56:09","modified_gmt":"2023-02-18T02:56:09","slug":"entrega-de-articulos-de-libreria-a-directores-de-las-escuelas-de-san-juan","status":"publish","type":"post","link":"https:\/\/vocesparalelas.com.ar\/sitio\/entrega-de-articulos-de-libreria-a-directores-de-las-escuelas-de-san-juan\/","title":{"rendered":"Entrega de art\u00edculos de librer\u00eda a directores de las Escuelas de San Juan"},"content":{"rendered":"<p>El Ministerio de Educaci\u00f3n del Gobierno de San Juan recuerda que contin\u00faa el cronograma de entrega de registros y kits de librer\u00eda para directivos de establecimientos escolares. El kit contiene los mismos elementos para todas las escuelas del sistema educativo de gesti\u00f3n estatal por igual. Son unos 1700 y se entregan por n\u00famero de CUE de acuerdo a la fecha del cronograma establecido.<\/p>\n<p>Para retirar, los directivos deben llevar sello personal y acudir de 9 a 13 horas al Dep\u00f3sito Central, ubicado en Hip\u00f3lito Irigoyen 1515 &#8211; E -, Santa Luc\u00eda.<\/p>\n<p><span style=\"color: #339966;\"><strong>Cronograma de entrega<\/strong><\/span><\/p>\n<ul>\n<li>16 de Febrero, Nivel Secundario: todos los departamentos<\/li>\n<li>17 de Febrero, Secundaria Adulto y Formaci\u00f3n Profesional: todos los departamentos<\/li>\n<li>22 de Febrero, Nivel Inicial de: Capital, Chimbas, Rivadavia, Santa Luc\u00eda, Rawson y Pocito<\/li>\n<li>23 de Febrero, Nivel Inicial: el resto de los departamentos<\/li>\n<li>24 de Febrero, Nivel Primario de: Capital, Chimbas, Rivadavia, Santa Luc\u00eda, Rawson y Pocito<\/li>\n<li>27 de Febrero, Nivel Primario: el resto de los departamentos<\/li>\n<li>28 de Febrero, Educaci\u00f3n Especial y Primaria Adultos: Todos los departamentos<\/li>\n<\/ul>\n<p>El kit est\u00e1 conformado por: abrochadora, almohadilla para sello, correctores, perforadora, sacapunta, tinta para sello, bol\u00edgrafos azul y negro, regla, resmas oficio y A4,tijera y adhesivo.<\/p>\n<p>Tambi\u00e9n se les entregan registros.<\/p>\n","protected":false},"excerpt":{"rendered":"<p>El Ministerio de Educaci\u00f3n del Gobierno de San Juan recuerda que contin\u00faa el cronograma de entrega de registros y kits<\/p>\n","protected":false},"author":3,"featured_media":40018,"comment_status":"closed","ping_status":"closed","sticky":false,"template":"","format":"standard","meta":{"_acf_changed":false,"_seopress_robots_primary_cat":"none","_seopress_titles_title":"","_seopress_titles_desc":"","_seopress_robots_index":"","colormag_page_container_layout":"default_layout","colormag_page_sidebar_layout":"default_layout","footnotes":""},"categories":[1],"tags":[],"class_list":["post-56703","post","type-post","status-publish","format-standard","has-post-thumbnail","hentry","category-destacadas"],"acf":[],"_links":{"self":[{"href":"https:\/\/vocesparalelas.com.ar\/sitio\/wp-json\/wp\/v2\/posts\/56703","targetHints":{"allow":["GET"]}}],"collection":[{"href":"https:\/\/vocesparalelas.com.ar\/sitio\/wp-json\/wp\/v2\/posts"}],"about":[{"href":"https:\/\/vocesparalelas.com.ar\/sitio\/wp-json\/wp\/v2\/types\/post"}],"author":[{"embeddable":true,"href":"https:\/\/vocesparalelas.com.ar\/sitio\/wp-json\/wp\/v2\/users\/3"}],"replies":[{"embeddable":true,"href":"https:\/\/vocesparalelas.com.ar\/sitio\/wp-json\/wp\/v2\/comments?post=56703"}],"version-history":[{"count":1,"href":"https:\/\/vocesparalelas.com.ar\/sitio\/wp-json\/wp\/v2\/posts\/56703\/revisions"}],"predecessor-version":[{"id":56706,"href":"https:\/\/vocesparalelas.com.ar\/sitio\/wp-json\/wp\/v2\/posts\/56703\/revisions\/56706"}],"wp:featuredmedia":[{"embeddable":true,"href":"https:\/\/vocesparalelas.com.ar\/sitio\/wp-json\/wp\/v2\/media\/40018"}],"wp:attachment":[{"href":"https:\/\/vocesparalelas.com.ar\/sitio\/wp-json\/wp\/v2\/media?parent=56703"}],"wp:term":[{"taxonomy":"category","embeddable":true,"href":"https:\/\/vocesparalelas.com.ar\/sitio\/wp-json\/wp\/v2\/categories?post=56703"},{"taxonomy":"post_tag","embeddable":true,"href":"https:\/\/vocesparalelas.com.ar\/sitio\/wp-json\/wp\/v2\/tags?post=56703"}],"curies":[{"name":"wp","href":"https:\/\/api.w.org\/{rel}","templated":true}]}}