{"id":56698,"date":"2023-02-17T22:35:33","date_gmt":"2023-02-18T01:35:33","guid":{"rendered":"https:\/\/vocesparalelas.com.ar\/sitio\/?p=56698"},"modified":"2023-02-17T22:35:33","modified_gmt":"2023-02-18T01:35:33","slug":"el-gobierno-acordo-con-los-gremios-docentes-y-se-preve-un-inicio-de-clases-sin-conflictos","status":"publish","type":"post","link":"https:\/\/vocesparalelas.com.ar\/sitio\/el-gobierno-acordo-con-los-gremios-docentes-y-se-preve-un-inicio-de-clases-sin-conflictos\/","title":{"rendered":"El Gobierno acord\u00f3 con los gremios docentes y se prev\u00e9 un inicio de clases sin conflictos"},"content":{"rendered":"<p class=\"paragraph\">El Gobierno cerr\u00f3 la paritaria docente con los gremios de alcance nacional. El salario m\u00ednimo inicial de los maestros tendr\u00e1 un aumento del 33,5 % hasta Julio y pasar\u00e1 a 130 mil pesos a partir de marzo 2023. En la reuni\u00f3n, adem\u00e1s del ministro de Educaci\u00f3n de la Naci\u00f3n, Lic. Jaime Perczyk, participaron el presidente Dr. Alberto Fern\u00e1ndez, el ministro de Econom\u00eda, Dr. Sergio Massa, y su par de Trabajo, Econ. Kelly Olmos.<\/p>\n<p class=\"paragraph\">De la negociaci\u00f3n participaron los cincos gremios de representaci\u00f3n nacional:\u00a0CTERA, UDA, CEA, SADOP y AMET. Todos ellos aceptaron una suba en tres tramos:<\/p>\n<ul>\n<li class=\"paragraph\">17,5 % en Marzo,<\/li>\n<li class=\"paragraph\">8 % en Mayo y<\/li>\n<li class=\"paragraph\">8 % en Julio.<\/li>\n<\/ul>\n<p class=\"paragraph\">El acuerdo contempla dos revisiones, una en Mayo y la otra en Julio.<\/p>\n<p class=\"paragraph\">La firma de la paritaria se da a menos de dos semanas del inicio del Ciclo Lectivo 2023, en todo el pa\u00eds, lo que permite vislumbrar un comienzo sin mayores conflictos\u00a0gremiales m\u00e1s all\u00e1 de que ahora cada provincia deber\u00e1 negociar con sus sindicatos de base.\u00a0Las clases volver\u00e1n el mi\u00e9rcoles 1 de marzo, salvo en la Ciudad de Buenos donde retomar\u00e1n dos d\u00edas antes.<\/p>\n<p class=\"paragraph\">\u201cLa decisi\u00f3n pol\u00edtica de nuestro gobierno fue desde el primer d\u00eda que los trabajadores de la educaci\u00f3n no s\u00f3lo no pierdan frente a la inflaci\u00f3n sino que recuperen el salario, y este acuerdo es una muestra de ese compromiso\u201d, se\u00f1al\u00f3 el Lic. Perczyk a la salida del encuentro.<\/p>\n<p class=\"paragraph\">La paritaria nacional docente consolida el salario m\u00ednimo de un maestro en todo el pa\u00eds, es decir, el piso para que las provincias puedan negociar. Desde Marzo, el salario m\u00ednimo para un docente sin antig\u00fcedad ser\u00e1 de 130 mil pesos, aunque muchos distritos superan ese piso.<\/p>\n<p class=\"paragraph\">Adem\u00e1s de la suba del sueldo m\u00ednimo, se acord\u00f3 un aumento del 33,5 % del Fondo Nacional de Incentivo Docente &#8211; FoNID -, que es es uno de los dos \u00edtems del salario que paga Naci\u00f3n. La suba ser\u00e1 en dos cuotas: una parte en Marzo y otra en Mayo. El otro \u00edtem que paga el gobierno nacional -el de conectividad- tambi\u00e9n subir\u00e1 y llegar\u00e1 a 16.164 pesos.<\/p>\n<p class=\"paragraph\">Al respecto, el titular de Educaci\u00f3n destac\u00f3 el \u201ctrabajo y compromiso de los gremios y del Ministerio de Econom\u00eda para acordar un aumento muchos d\u00edas antes del inicio del ciclo lectivo y dar certidumbre y previsibilidad a las provincias\u201d.<\/p>\n<p class=\"paragraph\">Ayer por la tarde, el gobierno porte\u00f1o le hizo la primera oferta a los gremios docentes. La propuesta contempla un 60% de aumento en varios tramos que a\u00fan no est\u00e1n definidos para todo el a\u00f1o. Tras dos horas de negociaci\u00f3n, la paritaria pas\u00f3 a cuarto intermedio y se cerrar\u00eda la pr\u00f3xima semana.<\/p>\n<p>Fuente: Infobae<\/p>\n","protected":false},"excerpt":{"rendered":"<p>El Gobierno cerr\u00f3 la paritaria docente con los gremios de alcance nacional. El salario m\u00ednimo inicial de los maestros tendr\u00e1<\/p>\n","protected":false},"author":3,"featured_media":56701,"comment_status":"closed","ping_status":"closed","sticky":false,"template":"","format":"standard","meta":{"_acf_changed":false,"_seopress_robots_primary_cat":"none","_seopress_titles_title":"","_seopress_titles_desc":"","_seopress_robots_index":"","colormag_page_container_layout":"default_layout","colormag_page_sidebar_layout":"default_layout","footnotes":""},"categories":[1],"tags":[],"class_list":["post-56698","post","type-post","status-publish","format-standard","has-post-thumbnail","hentry","category-destacadas"],"acf":[],"_links":{"self":[{"href":"https:\/\/vocesparalelas.com.ar\/sitio\/wp-json\/wp\/v2\/posts\/56698","targetHints":{"allow":["GET"]}}],"collection":[{"href":"https:\/\/vocesparalelas.com.ar\/sitio\/wp-json\/wp\/v2\/posts"}],"about":[{"href":"https:\/\/vocesparalelas.com.ar\/sitio\/wp-json\/wp\/v2\/types\/post"}],"author":[{"embeddable":true,"href":"https:\/\/vocesparalelas.com.ar\/sitio\/wp-json\/wp\/v2\/users\/3"}],"replies":[{"embeddable":true,"href":"https:\/\/vocesparalelas.com.ar\/sitio\/wp-json\/wp\/v2\/comments?post=56698"}],"version-history":[{"count":1,"href":"https:\/\/vocesparalelas.com.ar\/sitio\/wp-json\/wp\/v2\/posts\/56698\/revisions"}],"predecessor-version":[{"id":56702,"href":"https:\/\/vocesparalelas.com.ar\/sitio\/wp-json\/wp\/v2\/posts\/56698\/revisions\/56702"}],"wp:featuredmedia":[{"embeddable":true,"href":"https:\/\/vocesparalelas.com.ar\/sitio\/wp-json\/wp\/v2\/media\/56701"}],"wp:attachment":[{"href":"https:\/\/vocesparalelas.com.ar\/sitio\/wp-json\/wp\/v2\/media?parent=56698"}],"wp:term":[{"taxonomy":"category","embeddable":true,"href":"https:\/\/vocesparalelas.com.ar\/sitio\/wp-json\/wp\/v2\/categories?post=56698"},{"taxonomy":"post_tag","embeddable":true,"href":"https:\/\/vocesparalelas.com.ar\/sitio\/wp-json\/wp\/v2\/tags?post=56698"}],"curies":[{"name":"wp","href":"https:\/\/api.w.org\/{rel}","templated":true}]}}