{"id":56688,"date":"2023-02-17T21:05:59","date_gmt":"2023-02-18T00:05:59","guid":{"rendered":"https:\/\/vocesparalelas.com.ar\/sitio\/?p=56688"},"modified":"2023-02-17T21:11:27","modified_gmt":"2023-02-18T00:11:27","slug":"1-reunion-paritaria-docente-de-san-juan-hacia-mejoras-salariales-2023","status":"publish","type":"post","link":"https:\/\/vocesparalelas.com.ar\/sitio\/1-reunion-paritaria-docente-de-san-juan-hacia-mejoras-salariales-2023\/","title":{"rendered":"1\u00b0 Reuni\u00f3n Paritaria Docente de San Juan hacia mejoras salariales 2023"},"content":{"rendered":"<p>En nombre y representaci\u00f3n de UDAP, Uni\u00f3n Docentes Agremiados Provinciales de San Juan, sobradamente acreditados en legal forma, comunica a sus afiliados y docencia en general, del sistema educativo provincial tanto de gesti\u00f3n p\u00fablica, estatal como privada que:<\/p>\n<ul>\n<li>El d\u00eda 16 de febrero del corriente a\u00f1o, se llev\u00f3 a cabo la primera Sesi\u00f3n, de la paritaria jurisdiccional, entre el gobierno de San Juan y gremios docentes para tratar como \u00fanico terma, recomposici\u00f3n salarial 2023.<\/li>\n<li>Participaron de la misma y en representaci\u00f3n del gobierno, autoridades de la Cartera Educativa encabezada por la Ministra Prof. Cecilia Trincado Moncho y asesores, la Ministra de Hacienda y Finanzas, CPN Marisa L\u00f3pez y asesores y por la otra parte, en representaci\u00f3n del sector de los trabajadores de la educaci\u00f3n, UDAP, UDA Y AMET.<\/li>\n<li>Iniciada la sesi\u00f3n, luego de las presentaciones respectivas, autoridades de gobierno y gremios hacen una menci\u00f3n y reconocimiento especial, al hombre, a su trayectoria del recientemente fallecido Secretario Gral. de UDA, Julio Roberto Rosa.<\/li>\n<li>Dando inicio al tema convocante, autoridades de gobierno hacen una evaluaci\u00f3n de la recomposici\u00f3n alcanzada en el a\u00f1o 2022, con la participaci\u00f3n de los gremios que logr\u00f3 posicionarse por encima de la inflaci\u00f3n en funci\u00f3n del trabajo realizado, marcando un precedente en el proceso de la mejora salarial, abordando temas de coyuntura tale como modificaci\u00f3n del SNPG (piso salarial para el cargo testigo Maestro de Grado Jornada Simple, sin antig\u00fcedad y radio) en un 30% por sobre lo acordado por la Paritaria Nacional, modificaci\u00f3n del porcentual por antig\u00fcedad y radio, incorporaci\u00f3n de los tickets canasta al valor \u00edndice, modificaci\u00f3n del Dec. 155\/2011 (incrementos de puntos en cargos docentes, entre otros) hoy Dec. 1890, del 15-11-2022. Se comparte un informe elaborado por el equipo t\u00e9cnico de Hacienda, donde se reflejan los incrementos otorgados en car\u00e1cter General, cumpliendo con la pauta que se estableci\u00f3 al inicio de la paritaria 2022, de que los sueldos le ganen a la inflaci\u00f3n.<\/li>\n<li>La Ministra de Hacienda y Finanzas, CPN Marisa L\u00f3pez, manifiesta, que la paritaria 2023 se abre con un incremento otorgado con los haberes del mes de febrero de 2023 con un 11,1% (5,1% de enero mas 6% de febrero) y que se toma a cuenta de la misma.<\/li>\n<li>Gobierno de San Juan manifiesta la premisa de que los sueldos le sigan ganado a la inflaci\u00f3n y continuar sosteniendo el equilibrio fiscal.<\/li>\n<li>Los representantes gremiales, destacan todo lo logrado en el a\u00f1o 2022 mencionado por Hacienda y solicitan:<\/li>\n<li>Que el aumento salarial debe ser igual o superior a la pauta inflacionaria anual del 60% a fin de seguir garantizando que los sueldos le ganen a la inflaci\u00f3n.<\/li>\n<li>Que se mantenga la diferencia favorable entre el \u00edndice de incremento salarial y el \u00edndice inflacionario mes a mes.<\/li>\n<li>Que es necesario conocer la definici\u00f3n de la Paritaria Nacional, que fijar\u00e1 entre otros, nuevos valores del piso salarial del cargo testigo, del FONID y la<\/li>\n<li>Se define la segunda sesi\u00f3n paritaria para el 23 de febrero de 2023, a las 10:00 horas.<\/li>\n<\/ul>\n<p>&nbsp;<\/p>\n<p style=\"text-align: right;\">San Juan, 17 de Febrero de 2023<\/p>\n<p style=\"text-align: right;\">Secretariado Ejecutivo<\/p>\n<p style=\"text-align: right;\">Luis Lucero Secretario General<\/p>\n<p><img loading=\"lazy\" decoding=\"async\" class=\"alignnone size-full wp-image-56693\" src=\"https:\/\/vocesparalelas.com.ar\/sitio\/wp-content\/uploads\/2023\/02\/UDAP-PARITARIA-02.jpg\" alt=\"\" width=\"800\" height=\"445\" srcset=\"https:\/\/vocesparalelas.com.ar\/sitio\/wp-content\/uploads\/2023\/02\/UDAP-PARITARIA-02.jpg 800w, https:\/\/vocesparalelas.com.ar\/sitio\/wp-content\/uploads\/2023\/02\/UDAP-PARITARIA-02-300x167.jpg 300w, https:\/\/vocesparalelas.com.ar\/sitio\/wp-content\/uploads\/2023\/02\/UDAP-PARITARIA-02-768x427.jpg 768w\" sizes=\"auto, (max-width: 800px) 100vw, 800px\" \/><\/p>\n<p><img loading=\"lazy\" decoding=\"async\" class=\"alignnone size-full wp-image-54427\" src=\"https:\/\/vocesparalelas.com.ar\/sitio\/wp-content\/uploads\/2022\/11\/UDAP-FRENTE-01.jpg\" alt=\"\" width=\"800\" height=\"600\" srcset=\"https:\/\/vocesparalelas.com.ar\/sitio\/wp-content\/uploads\/2022\/11\/UDAP-FRENTE-01.jpg 800w, https:\/\/vocesparalelas.com.ar\/sitio\/wp-content\/uploads\/2022\/11\/UDAP-FRENTE-01-300x225.jpg 300w, https:\/\/vocesparalelas.com.ar\/sitio\/wp-content\/uploads\/2022\/11\/UDAP-FRENTE-01-768x576.jpg 768w\" sizes=\"auto, (max-width: 800px) 100vw, 800px\" \/><\/p>\n","protected":false},"excerpt":{"rendered":"<p>En nombre y representaci\u00f3n de UDAP, Uni\u00f3n Docentes Agremiados Provinciales de San Juan, sobradamente acreditados en legal forma, comunica a<\/p>\n","protected":false},"author":3,"featured_media":56691,"comment_status":"closed","ping_status":"closed","sticky":false,"template":"","format":"standard","meta":{"_acf_changed":false,"_seopress_robots_primary_cat":"none","_seopress_titles_title":"","_seopress_titles_desc":"","_seopress_robots_index":"","colormag_page_container_layout":"default_layout","colormag_page_sidebar_layout":"default_layout","footnotes":""},"categories":[1],"tags":[],"class_list":["post-56688","post","type-post","status-publish","format-standard","has-post-thumbnail","hentry","category-destacadas"],"acf":[],"_links":{"self":[{"href":"https:\/\/vocesparalelas.com.ar\/sitio\/wp-json\/wp\/v2\/posts\/56688","targetHints":{"allow":["GET"]}}],"collection":[{"href":"https:\/\/vocesparalelas.com.ar\/sitio\/wp-json\/wp\/v2\/posts"}],"about":[{"href":"https:\/\/vocesparalelas.com.ar\/sitio\/wp-json\/wp\/v2\/types\/post"}],"author":[{"embeddable":true,"href":"https:\/\/vocesparalelas.com.ar\/sitio\/wp-json\/wp\/v2\/users\/3"}],"replies":[{"embeddable":true,"href":"https:\/\/vocesparalelas.com.ar\/sitio\/wp-json\/wp\/v2\/comments?post=56688"}],"version-history":[{"count":5,"href":"https:\/\/vocesparalelas.com.ar\/sitio\/wp-json\/wp\/v2\/posts\/56688\/revisions"}],"predecessor-version":[{"id":56697,"href":"https:\/\/vocesparalelas.com.ar\/sitio\/wp-json\/wp\/v2\/posts\/56688\/revisions\/56697"}],"wp:featuredmedia":[{"embeddable":true,"href":"https:\/\/vocesparalelas.com.ar\/sitio\/wp-json\/wp\/v2\/media\/56691"}],"wp:attachment":[{"href":"https:\/\/vocesparalelas.com.ar\/sitio\/wp-json\/wp\/v2\/media?parent=56688"}],"wp:term":[{"taxonomy":"category","embeddable":true,"href":"https:\/\/vocesparalelas.com.ar\/sitio\/wp-json\/wp\/v2\/categories?post=56688"},{"taxonomy":"post_tag","embeddable":true,"href":"https:\/\/vocesparalelas.com.ar\/sitio\/wp-json\/wp\/v2\/tags?post=56688"}],"curies":[{"name":"wp","href":"https:\/\/api.w.org\/{rel}","templated":true}]}}