{"id":56676,"date":"2023-02-17T00:49:08","date_gmt":"2023-02-17T03:49:08","guid":{"rendered":"https:\/\/vocesparalelas.com.ar\/sitio\/?p=56676"},"modified":"2023-02-22T22:48:21","modified_gmt":"2023-02-23T01:48:21","slug":"conectar-lab-con-actividades-gratuitas-para-disfrutar-y-aprender-en-san-juan","status":"publish","type":"post","link":"https:\/\/vocesparalelas.com.ar\/sitio\/conectar-lab-con-actividades-gratuitas-para-disfrutar-y-aprender-en-san-juan\/","title":{"rendered":"Conectar LAB con actividades gratuitas para disfrutar y aprender en San Juan"},"content":{"rendered":"<p>El centro de innovaci\u00f3n y educaci\u00f3n Conectar LAB, Las Heras norte esquina Juan B. Alberdi, Capital, propone tres d\u00edas de actividades gratuitas para chicos de 8 a 11 a\u00f1os.<\/p>\n<p>Los participantes pueden hacer funcionar la m\u00e1quina del tiempo de Conectar LAB, adem\u00e1s crean los sonidos, la pueden en marcha y dise\u00f1an sus remeras representativas para la gran aventura.<\/p>\n<p>Con un cupo m\u00e1ximo de 20 inscriptos, las actividades se desarrollan, de 9.30 a 11.30 hs.; de acuerdo al siguiente cronograma:<\/p>\n<p><span style=\"color: #339966;\"><strong>Mi\u00e9rcoles, 22 de Febrero<\/strong><\/span><\/p>\n<ul>\n<li>Presentaci\u00f3n de las actividades y de los talleristas a cargo.<\/li>\n<\/ul>\n<p><span style=\"color: #339966;\"><strong>Jueves, 23 de Febrero<\/strong><\/span><\/p>\n<ul>\n<li>Ingreso a la \u00abm\u00e1quina del tiempo\u00bb, elaboraci\u00f3n de sonidos necesarios para que la m\u00e1quina suene.<\/li>\n<\/ul>\n<p><span style=\"color: #339966;\"><strong>Viernes, 24 de Febrero<\/strong><\/span><\/p>\n<ul>\n<li>Ingreso y viaje a una kerm\u00e9s donde los chicos personalizar\u00e1n sus remeras a trav\u00e9s de la t\u00e9cnica de grabado.<\/li>\n<\/ul>\n<p><span style=\"color: #339966;\"><strong>Inscripci\u00f3n<\/strong><\/span><\/p>\n<p><a href=\"https:\/\/docs.google.com\/forms\/d\/e\/1FAIpQLSc4JFLdoLmLcpVRr-AXQvc07ZMwRsCM1sQ5Xr58zzaprkAyMg\/viewform\">https:\/\/docs.google.com\/forms\/d\/e\/1FAIpQLSc4JFLdoLmLcpVRr-AXQvc07ZMwRsCM1sQ5Xr58zzaprkAyMg\/viewform<\/a><\/p>\n<p><span style=\"color: #339966;\"><strong>A tener en cuenta<\/strong><\/span><\/p>\n<p>Asistir con ropa c\u00f3moda, una botella de agua personal, algo para merendar y una remera 100% de algod\u00f3n para grabar y llevarte a tu casa, puede ser una remera usada.<\/p>\n<p><span style=\"color: #339966;\"><strong>Por consultas o mayor informaci\u00f3n<\/strong><\/span><\/p>\n<p>Comunicarse por WhatsApp al 2645 42-7002.<\/p>\n","protected":false},"excerpt":{"rendered":"<p>El centro de innovaci\u00f3n y educaci\u00f3n Conectar LAB, Las Heras norte esquina Juan B. Alberdi, Capital, propone tres d\u00edas de<\/p>\n","protected":false},"author":3,"featured_media":50100,"comment_status":"closed","ping_status":"closed","sticky":false,"template":"","format":"standard","meta":{"_acf_changed":false,"_seopress_robots_primary_cat":"none","_seopress_titles_title":"","_seopress_titles_desc":"","_seopress_robots_index":"","colormag_page_container_layout":"default_layout","colormag_page_sidebar_layout":"default_layout","footnotes":""},"categories":[9],"tags":[],"class_list":["post-56676","post","type-post","status-publish","format-standard","has-post-thumbnail","hentry","category-cursos"],"acf":[],"_links":{"self":[{"href":"https:\/\/vocesparalelas.com.ar\/sitio\/wp-json\/wp\/v2\/posts\/56676","targetHints":{"allow":["GET"]}}],"collection":[{"href":"https:\/\/vocesparalelas.com.ar\/sitio\/wp-json\/wp\/v2\/posts"}],"about":[{"href":"https:\/\/vocesparalelas.com.ar\/sitio\/wp-json\/wp\/v2\/types\/post"}],"author":[{"embeddable":true,"href":"https:\/\/vocesparalelas.com.ar\/sitio\/wp-json\/wp\/v2\/users\/3"}],"replies":[{"embeddable":true,"href":"https:\/\/vocesparalelas.com.ar\/sitio\/wp-json\/wp\/v2\/comments?post=56676"}],"version-history":[{"count":1,"href":"https:\/\/vocesparalelas.com.ar\/sitio\/wp-json\/wp\/v2\/posts\/56676\/revisions"}],"predecessor-version":[{"id":56679,"href":"https:\/\/vocesparalelas.com.ar\/sitio\/wp-json\/wp\/v2\/posts\/56676\/revisions\/56679"}],"wp:featuredmedia":[{"embeddable":true,"href":"https:\/\/vocesparalelas.com.ar\/sitio\/wp-json\/wp\/v2\/media\/50100"}],"wp:attachment":[{"href":"https:\/\/vocesparalelas.com.ar\/sitio\/wp-json\/wp\/v2\/media?parent=56676"}],"wp:term":[{"taxonomy":"category","embeddable":true,"href":"https:\/\/vocesparalelas.com.ar\/sitio\/wp-json\/wp\/v2\/categories?post=56676"},{"taxonomy":"post_tag","embeddable":true,"href":"https:\/\/vocesparalelas.com.ar\/sitio\/wp-json\/wp\/v2\/tags?post=56676"}],"curies":[{"name":"wp","href":"https:\/\/api.w.org\/{rel}","templated":true}]}}