{"id":56672,"date":"2023-02-16T23:53:10","date_gmt":"2023-02-17T02:53:10","guid":{"rendered":"https:\/\/vocesparalelas.com.ar\/sitio\/?p=56672"},"modified":"2023-02-21T00:39:08","modified_gmt":"2023-02-21T03:39:08","slug":"apoya-a-las-ong-que-alquilan-sillas-y-tribunas-para-el-carrusel-del-sol-2023","status":"publish","type":"post","link":"https:\/\/vocesparalelas.com.ar\/sitio\/apoya-a-las-ong-que-alquilan-sillas-y-tribunas-para-el-carrusel-del-sol-2023\/","title":{"rendered":"Apoya a las ONG que alquilan sillas y tribunas para el Carrusel del Sol 2023"},"content":{"rendered":"<p>Como en todas las ediciones, el p\u00fablico en general puede acceder al alquiler de sillas y lugares en la tribuna para vivir el Carrusel del Sol 2023. El gran despliegue art\u00edstico que protagonizan los 21 carruajes, 19 de los departamentos, uno de Gobierno de San Juan y otro de la Comunidad Valenciana, responden a la tem\u00e1tica de la FNS 2023, Conectados, mostrando qu\u00e9 conecta consigo mismo a cada departamento y colectividad.<\/p>\n<p>A lo largo del Cors\u00f3dromo, ubicado en el Costanera Complejo Ferial, se ofrecen alrededor de 12 mil lugares para sillas alquiladas a las personas. 15 ONG se encargan de brindar el servicio de alquiler, cuya recaudaci\u00f3n est\u00e1 destinada a dichas organizaciones. Estas son Fundaci\u00f3n Valenza, Emaus &#8211; Mujeres y Hombres de F\u00e1tima, Grupo Virgen del Roc\u00edo, Fundaci\u00f3n Danielito, Asociaci\u00f3n Civil Construyendo Solidaridad, Asociaci\u00f3n Civil Madre Teresa de Calcuta, Alfiles, Fundaci\u00f3n Constancia de Acci\u00f3n, Uni\u00f3n Vecinal Constituci\u00f3n, Fundaci\u00f3n Ammar, Asociaci\u00f3n Civil Fraternidad, Asociaci\u00f3n Civil Esperanza, Asociaci\u00f3n Civil Francisco I, Pasito a Pasito y Emaus Trinidad.<\/p>\n<p>El valor de la ubicaci\u00f3n, ya sea en silla o en la tribuna, es de $300. Los interesados pueden acceder a los lugares un rato antes del inicio del Carrusel. Cabe destacar que cada ONG cuenta con lugares destinados a usuarios de sillas de ruedas.<\/p>\n<p><span style=\"color: #339966;\"><strong>Alquiler anticipado<\/strong><\/span><\/p>\n<p>Las personas interesadas en contratar el servicio en forma anticipada, pueden comunicarse con dos ONG y abonar por Mercado Pago.<\/p>\n<p><strong><span style=\"color: #339966;\">Los contactos disponibles son <\/span><\/strong><\/p>\n<ul>\n<li>2645016326 &#8211; 2644771124 &#8211; Uni\u00f3n Vecinal Constituci\u00f3n<\/li>\n<li>2644116733 &#8211; Asociaci\u00f3n Civil Fraternidad<\/li>\n<li>2645291681 &#8211; Fundaci\u00f3n Danielito<\/li>\n<li>2644417759 &#8211; Fundaci\u00f3n Valenza<\/li>\n<\/ul>\n","protected":false},"excerpt":{"rendered":"<p>Como en todas las ediciones, el p\u00fablico en general puede acceder al alquiler de sillas y lugares en la tribuna<\/p>\n","protected":false},"author":3,"featured_media":10152,"comment_status":"closed","ping_status":"closed","sticky":false,"template":"","format":"standard","meta":{"_acf_changed":false,"_seopress_robots_primary_cat":"none","_seopress_titles_title":"","_seopress_titles_desc":"","_seopress_robots_index":"","colormag_page_container_layout":"default_layout","colormag_page_sidebar_layout":"default_layout","footnotes":""},"categories":[6],"tags":[],"class_list":["post-56672","post","type-post","status-publish","format-standard","has-post-thumbnail","hentry","category-eventos"],"acf":[],"_links":{"self":[{"href":"https:\/\/vocesparalelas.com.ar\/sitio\/wp-json\/wp\/v2\/posts\/56672","targetHints":{"allow":["GET"]}}],"collection":[{"href":"https:\/\/vocesparalelas.com.ar\/sitio\/wp-json\/wp\/v2\/posts"}],"about":[{"href":"https:\/\/vocesparalelas.com.ar\/sitio\/wp-json\/wp\/v2\/types\/post"}],"author":[{"embeddable":true,"href":"https:\/\/vocesparalelas.com.ar\/sitio\/wp-json\/wp\/v2\/users\/3"}],"replies":[{"embeddable":true,"href":"https:\/\/vocesparalelas.com.ar\/sitio\/wp-json\/wp\/v2\/comments?post=56672"}],"version-history":[{"count":1,"href":"https:\/\/vocesparalelas.com.ar\/sitio\/wp-json\/wp\/v2\/posts\/56672\/revisions"}],"predecessor-version":[{"id":56675,"href":"https:\/\/vocesparalelas.com.ar\/sitio\/wp-json\/wp\/v2\/posts\/56672\/revisions\/56675"}],"wp:featuredmedia":[{"embeddable":true,"href":"https:\/\/vocesparalelas.com.ar\/sitio\/wp-json\/wp\/v2\/media\/10152"}],"wp:attachment":[{"href":"https:\/\/vocesparalelas.com.ar\/sitio\/wp-json\/wp\/v2\/media?parent=56672"}],"wp:term":[{"taxonomy":"category","embeddable":true,"href":"https:\/\/vocesparalelas.com.ar\/sitio\/wp-json\/wp\/v2\/categories?post=56672"},{"taxonomy":"post_tag","embeddable":true,"href":"https:\/\/vocesparalelas.com.ar\/sitio\/wp-json\/wp\/v2\/tags?post=56672"}],"curies":[{"name":"wp","href":"https:\/\/api.w.org\/{rel}","templated":true}]}}