{"id":56654,"date":"2023-02-15T21:35:57","date_gmt":"2023-02-16T00:35:57","guid":{"rendered":"https:\/\/vocesparalelas.com.ar\/sitio\/?p=56654"},"modified":"2023-02-17T01:30:34","modified_gmt":"2023-02-17T04:30:34","slug":"pre-foro-mundial-de-derechos-humanos","status":"publish","type":"post","link":"https:\/\/vocesparalelas.com.ar\/sitio\/pre-foro-mundial-de-derechos-humanos\/","title":{"rendered":"Pre Foro Mundial de Derechos Humanos"},"content":{"rendered":"<div class=\"itemFullText\">\n<p>La cartera de Gobierno, en coordinaci\u00f3n con la Subsecretar\u00eda de DDHH y el Centro Internacional para la Promoci\u00f3n de los Derechos Humanos (CIPDH-UNESCO), invita a participar del\u00a0Pre Foro Mundial de Derechos Humanosa desarrollarse el el 27 de febrero de 2023, de 8 a 18 horas, en el Auditorio Eloy Camus, Centro C\u00edvico.<\/p>\n<p>Los Pre Foros son instancias que preceden a la realizaci\u00f3n del Foro Mundial de Derechos Humanos 2023, a tener lugar en diversas regiones del pa\u00eds y a nivel internacional, con el fin de propender a su federalizaci\u00f3n. El objetivo de los Pre Foros es permitir la participaci\u00f3n desde distintos lugares del pa\u00eds y del mundo, de forma descentralizada y proporcional en todo el territorio argentino para seguir democratizando los debates y la elaboraci\u00f3n de propuestas de acci\u00f3n para el futuro.<\/p>\n<p>Las universidades nacionales o cualquier otra instituci\u00f3n p\u00fablica pueden constituir espacios adecuados para recibir a la convocatoria esperada y alojar las actividades que las provincias consideren pertinente realizar en el marco del Pre Foro. Las conclusiones y propuestas seleccionadas en estos encuentros previos confluir\u00e1n en el III Foro Mundial de Derechos Humanos, que tendr\u00e1 lugar en Buenos Aires entre el 20 y el 24 de marzo de 2023.<\/p>\n<p><span style=\"color: #800080;\"><strong>Inscripci\u00f3n\u00a0<\/strong><\/span><\/p>\n<\/div>\n<p><a href=\"https:\/\/docs.google.com\/forms\/d\/e\/1FAIpQLSdn6vhhknacXAw5xtwb8Gqg1EqxDPQMmJKaI5Z0iYSaL_gdfg\/viewform\">https:\/\/docs.google.com\/forms\/d\/e\/1FAIpQLSdn6vhhknacXAw5xtwb8Gqg1EqxDPQMmJKaI5Z0iYSaL_gdfg\/viewform<\/a><\/p>\n<div class=\"itemFullText\">\n<p>Los encuentros Pre Foro permiten potenciar el alcance del Foro y son una oportunidad para que las voces y perspectivas de diversas regiones se encuentren representadas en las agendas y t\u00f3picos de derechos humanos que consideren prioritarios. Desde el pasado 26 de agosto se han realizado 5 Pre Foros regionales en Argentina: ese d\u00eda en San Miguel de Tucum\u00e1n se realiz\u00f3 el Pre Foro Tucum\u00e1n; el lunes 7 de noviembre en R\u00edo Gallegos (Santa Cruz) tuvo lugar el Pre Foro Patag\u00f3nico; el viernes 11 de noviembre fue el turno del Pre Foro Neuqu\u00e9n (Ciudad de Neuqu\u00e9n); el martes 29 de ese mes La Plata fue la sede del Pre Foro Provincia de Buenos Aires y en Resistencia, los d\u00edas 12 y 13 de diciembre, se hizo el Pre Foro Chaco.<\/p>\n<p><span style=\"color: #800080;\"><strong>\u00bfQui\u00e9nes pueden participar en los Pre Foros?<\/strong><\/span><\/p>\n<p>Como ponentes, participantes de los debates y\/o asistentes a las actividades, los Pre Foros apuntan a convocar a organizaciones nacionales, internacionales o provinciales de Derechos Humanos, movimientos sociales, organizaciones de la sociedad civil, sistemas de justicia y Poderes Legislativos nacionales, provinciales y municipales, instituciones acad\u00e9micas, de investigaci\u00f3n y afines, y personas interesadas.<\/p>\n<h3><\/h3>\n<p>&nbsp;<\/p>\n<\/div>\n<div class=\"clr\"><\/div>\n<div class=\"itemContentFooter\"><\/div>\n","protected":false},"excerpt":{"rendered":"<p>La cartera de Gobierno, en coordinaci\u00f3n con la Subsecretar\u00eda de DDHH y el Centro Internacional para la Promoci\u00f3n de los<\/p>\n","protected":false},"author":3,"featured_media":56657,"comment_status":"closed","ping_status":"closed","sticky":false,"template":"","format":"standard","meta":{"_acf_changed":false,"_seopress_robots_primary_cat":"none","_seopress_titles_title":"","_seopress_titles_desc":"","_seopress_robots_index":"","colormag_page_container_layout":"default_layout","colormag_page_sidebar_layout":"default_layout","footnotes":""},"categories":[9],"tags":[],"class_list":["post-56654","post","type-post","status-publish","format-standard","has-post-thumbnail","hentry","category-cursos"],"acf":[],"_links":{"self":[{"href":"https:\/\/vocesparalelas.com.ar\/sitio\/wp-json\/wp\/v2\/posts\/56654","targetHints":{"allow":["GET"]}}],"collection":[{"href":"https:\/\/vocesparalelas.com.ar\/sitio\/wp-json\/wp\/v2\/posts"}],"about":[{"href":"https:\/\/vocesparalelas.com.ar\/sitio\/wp-json\/wp\/v2\/types\/post"}],"author":[{"embeddable":true,"href":"https:\/\/vocesparalelas.com.ar\/sitio\/wp-json\/wp\/v2\/users\/3"}],"replies":[{"embeddable":true,"href":"https:\/\/vocesparalelas.com.ar\/sitio\/wp-json\/wp\/v2\/comments?post=56654"}],"version-history":[{"count":1,"href":"https:\/\/vocesparalelas.com.ar\/sitio\/wp-json\/wp\/v2\/posts\/56654\/revisions"}],"predecessor-version":[{"id":56658,"href":"https:\/\/vocesparalelas.com.ar\/sitio\/wp-json\/wp\/v2\/posts\/56654\/revisions\/56658"}],"wp:featuredmedia":[{"embeddable":true,"href":"https:\/\/vocesparalelas.com.ar\/sitio\/wp-json\/wp\/v2\/media\/56657"}],"wp:attachment":[{"href":"https:\/\/vocesparalelas.com.ar\/sitio\/wp-json\/wp\/v2\/media?parent=56654"}],"wp:term":[{"taxonomy":"category","embeddable":true,"href":"https:\/\/vocesparalelas.com.ar\/sitio\/wp-json\/wp\/v2\/categories?post=56654"},{"taxonomy":"post_tag","embeddable":true,"href":"https:\/\/vocesparalelas.com.ar\/sitio\/wp-json\/wp\/v2\/tags?post=56654"}],"curies":[{"name":"wp","href":"https:\/\/api.w.org\/{rel}","templated":true}]}}