{"id":56649,"date":"2023-02-15T22:28:52","date_gmt":"2023-02-16T01:28:52","guid":{"rendered":"https:\/\/vocesparalelas.com.ar\/sitio\/?p=56649"},"modified":"2023-02-16T01:29:06","modified_gmt":"2023-02-16T04:29:06","slug":"112o-aniversario-del-nacimiento-del-maestro-de-america-domingo-faustino-sarmiento","status":"publish","type":"post","link":"https:\/\/vocesparalelas.com.ar\/sitio\/112o-aniversario-del-nacimiento-del-maestro-de-america-domingo-faustino-sarmiento\/","title":{"rendered":"112\u00ba aniversario del nacimiento del Maestro de Am\u00e9rica Domingo Faustino Sarmiento"},"content":{"rendered":"<div class=\"itemFullText jbintrotext\">\n<p>En el marco del 112\u00ba aniversario del nacimiento del Maestro de Am\u00e9rica, los diputados provinciales participaron del acto conmemorativo llevado a cabo en el Museo y Biblioteca Casa Natal de Domingo Faustino Sarmiento.<\/p>\n<\/div>\n<div class=\"itemFullText\">\n<p>En la ocasi\u00f3n estuvo presente la diputada departamental, Dra. Celina Ramella; la legisladora titular de la Comisi\u00f3n de Educaci\u00f3n, Dra. Fernanda Paredes; los diputados Prof. Andr\u00e9s Chanampa, Rub\u00e9n Carri\u00f3n, Gast\u00f3n Berenguer, Miguel N\u00fa\u00f1ez, y las legisladoras Dra. Marcela Monti, y Florencia Pe\u00f1aloza. Tambi\u00e9n particip\u00f3 la ministra de Educaci\u00f3n, Cecilia Trincado; la directora de la Casa Natal Sarmiento, Silvia V\u00e1zquez, entre otros funcionarios.<\/p>\n<p>Tras la entonaci\u00f3n del Himno Nacional Argentino y el Himno a Sarmiento, ejecutados por la Banda de M\u00fasica de la Polic\u00eda de San Juan, las autoridades presentes procedieron a la colocaci\u00f3n de ofrendas florales al busto que perpet\u00faa la memoria del pr\u00f3cer sanjuanino.<\/p>\n<p>Luego, la directora de la Casa Sarmiento brind\u00f3 unas palabras de bienvenida y se\u00f1al\u00f3 \u201clos invito a recorrer la casa que lo vio nacer hace doscientos a\u00f1os y a conectarse con el hombre que existe detr\u00e1s del pr\u00f3cer mediante la lectura de su correspondencia personal, familiar\u201d.<\/p>\n<p>Por \u00faltimo, la ministra de Educaci\u00f3n realiz\u00f3 una peque\u00f1a rese\u00f1a de los principales aspectos sobre la vida de Sarmiento, el padre del aula, e indic\u00f3 que \u201cconsideraba que el Estado era el encargado de brindar la instrucci\u00f3n necesaria que asegurara el desarrollo del individuo, es decir que para Sarmiento educar era un nuevo modo de establecer v\u00ednculos con el Estado y de habitar el espacio p\u00fablico: la educaci\u00f3n como derecho del pueblo al mismo tiempo que deber del Estado y de la sociedad, as\u00ed a instancias suyas en 1884, cuando se desempe\u00f1aba como director General del Consejo Superior de Educaci\u00f3n el gobierno sanciona la Ley 1420 que establec\u00eda la ense\u00f1anza p\u00fablica, gratuita, y obligatoria para todos los habitantes del pa\u00eds\u201d.<\/p>\n<p>\u201cSarmiento hizo construir con el pensamiento y con la acci\u00f3n un futuro de progreso para su pa\u00eds, por ello hoy en su homenaje el gobierno de la provincia tiene el deber de seguir construyendo desde el pensamiento y la acci\u00f3n\u201d, expres\u00f3 la Lic. Cecilia Trincado y en este sentido detall\u00f3 cada una de las pol\u00edticas y acciones que vienen realizando desde el Estado.<\/p>\n<\/div>\n<p><iframe loading=\"lazy\" title=\"Directora del Museo y Casa Natal de Sarmiento, Silvina V\u00e1zquez\" width=\"800\" height=\"450\" src=\"https:\/\/www.youtube.com\/embed\/6HikfwhNRrE?feature=oembed\" frameborder=\"0\" allow=\"accelerometer; autoplay; clipboard-write; encrypted-media; gyroscope; picture-in-picture; web-share\" allowfullscreen><\/iframe><\/p>\n<p>&nbsp;<\/p>\n<p>&nbsp;<\/p>\n<p>&nbsp;<\/p>\n","protected":false},"excerpt":{"rendered":"<p>En el marco del 112\u00ba aniversario del nacimiento del Maestro de Am\u00e9rica, los diputados provinciales participaron del acto conmemorativo llevado<\/p>\n","protected":false},"author":3,"featured_media":56652,"comment_status":"closed","ping_status":"closed","sticky":false,"template":"","format":"video","meta":{"_acf_changed":false,"_seopress_robots_primary_cat":"none","_seopress_titles_title":"","_seopress_titles_desc":"","_seopress_robots_index":"","colormag_page_container_layout":"default_layout","colormag_page_sidebar_layout":"default_layout","footnotes":""},"categories":[1,7],"tags":[],"class_list":["post-56649","post","type-post","status-publish","format-video","has-post-thumbnail","hentry","category-destacadas","category-videos","post_format-post-format-video"],"acf":[],"_links":{"self":[{"href":"https:\/\/vocesparalelas.com.ar\/sitio\/wp-json\/wp\/v2\/posts\/56649","targetHints":{"allow":["GET"]}}],"collection":[{"href":"https:\/\/vocesparalelas.com.ar\/sitio\/wp-json\/wp\/v2\/posts"}],"about":[{"href":"https:\/\/vocesparalelas.com.ar\/sitio\/wp-json\/wp\/v2\/types\/post"}],"author":[{"embeddable":true,"href":"https:\/\/vocesparalelas.com.ar\/sitio\/wp-json\/wp\/v2\/users\/3"}],"replies":[{"embeddable":true,"href":"https:\/\/vocesparalelas.com.ar\/sitio\/wp-json\/wp\/v2\/comments?post=56649"}],"version-history":[{"count":1,"href":"https:\/\/vocesparalelas.com.ar\/sitio\/wp-json\/wp\/v2\/posts\/56649\/revisions"}],"predecessor-version":[{"id":56653,"href":"https:\/\/vocesparalelas.com.ar\/sitio\/wp-json\/wp\/v2\/posts\/56649\/revisions\/56653"}],"wp:featuredmedia":[{"embeddable":true,"href":"https:\/\/vocesparalelas.com.ar\/sitio\/wp-json\/wp\/v2\/media\/56652"}],"wp:attachment":[{"href":"https:\/\/vocesparalelas.com.ar\/sitio\/wp-json\/wp\/v2\/media?parent=56649"}],"wp:term":[{"taxonomy":"category","embeddable":true,"href":"https:\/\/vocesparalelas.com.ar\/sitio\/wp-json\/wp\/v2\/categories?post=56649"},{"taxonomy":"post_tag","embeddable":true,"href":"https:\/\/vocesparalelas.com.ar\/sitio\/wp-json\/wp\/v2\/tags?post=56649"}],"curies":[{"name":"wp","href":"https:\/\/api.w.org\/{rel}","templated":true}]}}