{"id":56638,"date":"2023-02-15T23:45:45","date_gmt":"2023-02-16T02:45:45","guid":{"rendered":"https:\/\/vocesparalelas.com.ar\/sitio\/?p=56638"},"modified":"2023-02-16T01:21:11","modified_gmt":"2023-02-16T04:21:11","slug":"firma-de-convenio-para-fortalecer-el-conocimiento-cientifico-tecnologico-entre-la-unsj-la-cjsj-y-canme","status":"publish","type":"post","link":"https:\/\/vocesparalelas.com.ar\/sitio\/firma-de-convenio-para-fortalecer-el-conocimiento-cientifico-tecnologico-entre-la-unsj-la-cjsj-y-canme\/","title":{"rendered":"Firma de convenio para fortalecer el conocimiento cient\u00edfico-tecnol\u00f3gico entre la UNSJ, la CJSJ y CANME"},"content":{"rendered":"<p>En la sala de Situaci\u00f3n de la Corte de Justicia de San Juan, la Universidad Nacional de San Juan firm\u00f3 un Acta Complementaria con la instituci\u00f3n judicial para el trabajo en conjunto. De esta manera, el Instituto de Biotecnolog\u00eda de la Facultad de Ingenier\u00eda de la UNSJ, investiga entre otros \u00edtems, sobre el manejo y desarrollo de t\u00e9cnicas anal\u00edticas aplicadas a muestras de diferentes matrices biol\u00f3gicas de origen forense, que permitan ampliar la informaci\u00f3n que se aporta en el informe pericial.<\/p>\n<p>Adem\u00e1s, teniendo en cuenta intoxicaciones agudas y cr\u00f3nicas por plaguicidas, el uso de drogas para sumisi\u00f3n qu\u00edmica en abusos sexuales y la detecci\u00f3n de estupefacientes a trav\u00e9s de sus metabolitos, incluyendo el uso de cannabis medicinal.<\/p>\n<p>CANME es una organizaci\u00f3n con base en la provincia de San Juan que tiene por objetivo garantizar el acceso igualitario al aceite de cannabis a pacientes que lo necesitan y capacita a profesionales de la salud, trabajando en forma conjunta con organismos p\u00fablicos.<\/p>\n<p>Un Convenio Marco y un Acta Complementaria para fomentar la vinculaci\u00f3n de conocimiento cient\u00edfico-tecnol\u00f3gico en todo lo relacionado a drogas de abuso y cannabis medicinal.<\/p>\n<p>&nbsp;<\/p>\n<figure id=\"attachment_56643\" aria-describedby=\"caption-attachment-56643\" style=\"width: 800px\" class=\"wp-caption alignnone\"><img loading=\"lazy\" decoding=\"async\" class=\"size-full wp-image-56643\" src=\"https:\/\/vocesparalelas.com.ar\/sitio\/wp-content\/uploads\/2023\/02\/UNSJ-CORTE-03.jpg\" alt=\"\" width=\"800\" height=\"533\" srcset=\"https:\/\/vocesparalelas.com.ar\/sitio\/wp-content\/uploads\/2023\/02\/UNSJ-CORTE-03.jpg 800w, https:\/\/vocesparalelas.com.ar\/sitio\/wp-content\/uploads\/2023\/02\/UNSJ-CORTE-03-300x200.jpg 300w, https:\/\/vocesparalelas.com.ar\/sitio\/wp-content\/uploads\/2023\/02\/UNSJ-CORTE-03-768x512.jpg 768w\" sizes=\"auto, (max-width: 800px) 100vw, 800px\" \/><figcaption id=\"caption-attachment-56643\" class=\"wp-caption-text\">Presidente de la Corte de Justicia de San Juan, Dr. Juan Jos\u00e9 Victoria<\/figcaption><\/figure>\n<p>&nbsp;<\/p>\n<figure id=\"attachment_56642\" aria-describedby=\"caption-attachment-56642\" style=\"width: 800px\" class=\"wp-caption alignnone\"><img loading=\"lazy\" decoding=\"async\" class=\"size-full wp-image-56642\" src=\"https:\/\/vocesparalelas.com.ar\/sitio\/wp-content\/uploads\/2023\/02\/UNSJ-CORTE-02.jpg\" alt=\"\" width=\"800\" height=\"533\" srcset=\"https:\/\/vocesparalelas.com.ar\/sitio\/wp-content\/uploads\/2023\/02\/UNSJ-CORTE-02.jpg 800w, https:\/\/vocesparalelas.com.ar\/sitio\/wp-content\/uploads\/2023\/02\/UNSJ-CORTE-02-300x200.jpg 300w, https:\/\/vocesparalelas.com.ar\/sitio\/wp-content\/uploads\/2023\/02\/UNSJ-CORTE-02-768x512.jpg 768w\" sizes=\"auto, (max-width: 800px) 100vw, 800px\" \/><figcaption id=\"caption-attachment-56642\" class=\"wp-caption-text\">Rector de la UNSJ, Ing. Tadeo Berenguer<\/figcaption><\/figure>\n<p>&nbsp;<\/p>\n<figure id=\"attachment_56644\" aria-describedby=\"caption-attachment-56644\" style=\"width: 800px\" class=\"wp-caption alignnone\"><img loading=\"lazy\" decoding=\"async\" class=\"size-full wp-image-56644\" src=\"https:\/\/vocesparalelas.com.ar\/sitio\/wp-content\/uploads\/2023\/02\/UNSJ-CORTE-04.jpg\" alt=\"\" width=\"800\" height=\"533\" srcset=\"https:\/\/vocesparalelas.com.ar\/sitio\/wp-content\/uploads\/2023\/02\/UNSJ-CORTE-04.jpg 800w, https:\/\/vocesparalelas.com.ar\/sitio\/wp-content\/uploads\/2023\/02\/UNSJ-CORTE-04-300x200.jpg 300w, https:\/\/vocesparalelas.com.ar\/sitio\/wp-content\/uploads\/2023\/02\/UNSJ-CORTE-04-768x512.jpg 768w\" sizes=\"auto, (max-width: 800px) 100vw, 800px\" \/><figcaption id=\"caption-attachment-56644\" class=\"wp-caption-text\">Presidente de la empresa CANME Origen San Juan, Dr. Roberto Correa<\/figcaption><\/figure>\n<p>&nbsp;<\/p>\n<figure id=\"attachment_56645\" aria-describedby=\"caption-attachment-56645\" style=\"width: 800px\" class=\"wp-caption alignnone\"><img loading=\"lazy\" decoding=\"async\" class=\"size-full wp-image-56645\" src=\"https:\/\/vocesparalelas.com.ar\/sitio\/wp-content\/uploads\/2023\/02\/UNSJ-CORTE-05.jpg\" alt=\"\" width=\"800\" height=\"533\" srcset=\"https:\/\/vocesparalelas.com.ar\/sitio\/wp-content\/uploads\/2023\/02\/UNSJ-CORTE-05.jpg 800w, https:\/\/vocesparalelas.com.ar\/sitio\/wp-content\/uploads\/2023\/02\/UNSJ-CORTE-05-300x200.jpg 300w, https:\/\/vocesparalelas.com.ar\/sitio\/wp-content\/uploads\/2023\/02\/UNSJ-CORTE-05-768x512.jpg 768w\" sizes=\"auto, (max-width: 800px) 100vw, 800px\" \/><figcaption id=\"caption-attachment-56645\" class=\"wp-caption-text\">Decano de la FI de la UNSJ, Ing. Mario Fern\u00e1ndez<\/figcaption><\/figure>\n<p>Por ello, estuvieron presentes el Rector de la UNSJ, Ing. Tadeo Berenguer; el decano de la Facultad de Ingenier\u00eda de la UNSJ, Ing. Oscar Fern\u00e1ndez, y la investigadora del Instituto de Biotecnolog\u00eda -IBT &#8211; de la FI de la UNSJ, Dra.\u00a0 \u00a0Gabriela Feresin, quien dirige los estudios. Por parte de la Corte de Justicia de San Juan, estuvo el presidente, Dr. Juan Jos\u00e9 Victoria\u00a0y el Laboratorio de Toxicolog\u00eda, cuyas responsables son la Dra. Mar\u00eda Eugenia Navas y la Bioq. Mar\u00eda Teresa L\u00f3pez, del Complejo Cient\u00edfico Forense y de Criminal\u00edstica del Poder Judicial de San Juan que dirige el Bioingeniero Luis Fernando Gambetta Clevers.<\/p>\n<p>El desarrollo de los proyectos y las acciones espec\u00edficas son realizados por el IBT y el Complejo Cient\u00edfico Forense y de Criminal\u00edstica del Poder Judicial.<\/p>\n<p>En este contexto, Voces Paralelas entrevist\u00f3 al Rector de la UNSJ, Ing. Tadeo Berenguer, quien describi\u00f3 la importancia de articular acciones con los diferentes poderes del Estado.<\/p>\n<p><iframe loading=\"lazy\" title=\"UNSJ RECTOR ING TADEO BERENGUER\" width=\"800\" height=\"450\" src=\"https:\/\/www.youtube.com\/embed\/_VCgOtw0zsA?feature=oembed\" frameborder=\"0\" allow=\"accelerometer; autoplay; clipboard-write; encrypted-media; gyroscope; picture-in-picture; web-share\" allowfullscreen><\/iframe><\/p>\n<p>El el presidente de la Corte de Justicia de San Juan, Dr. Juan Jos\u00e9 Victoria puntualiz\u00f3 que estos convenios permite el trabajo conjunto con la Universidad Nacional de San Juan.<\/p>\n<p><iframe loading=\"lazy\" title=\"CJSJ DR JUAN JOS\u00c9 VICTORIA\" width=\"800\" height=\"450\" src=\"https:\/\/www.youtube.com\/embed\/CRrZinM28sc?feature=oembed\" frameborder=\"0\" allow=\"accelerometer; autoplay; clipboard-write; encrypted-media; gyroscope; picture-in-picture; web-share\" allowfullscreen><\/iframe><\/p>\n<p>Finalmente, entrevist\u00f3 al Decano de la FI de la UNSJ, Ing. Mario Fern\u00e1ndez remarc\u00f3 que los institutos de investigaci\u00f3n de la facultad est\u00e1n siempre abiertos a la comunidad de San Juan.<\/p>\n<p><iframe loading=\"lazy\" title=\"FI DECANO ING MARIO FERN\u00c1NDEZ\" width=\"800\" height=\"450\" src=\"https:\/\/www.youtube.com\/embed\/RUToQlp3mfQ?feature=oembed\" frameborder=\"0\" allow=\"accelerometer; autoplay; clipboard-write; encrypted-media; gyroscope; picture-in-picture; web-share\" allowfullscreen><\/iframe><\/p>\n<p>&nbsp;<\/p>\n","protected":false},"excerpt":{"rendered":"<p>En la sala de Situaci\u00f3n de la Corte de Justicia de San Juan, la Universidad Nacional de San Juan firm\u00f3<\/p>\n","protected":false},"author":3,"featured_media":56641,"comment_status":"closed","ping_status":"closed","sticky":false,"template":"","format":"video","meta":{"_acf_changed":false,"_seopress_robots_primary_cat":"none","_seopress_titles_title":"","_seopress_titles_desc":"","_seopress_robots_index":"","colormag_page_container_layout":"default_layout","colormag_page_sidebar_layout":"default_layout","footnotes":""},"categories":[1,7],"tags":[],"class_list":["post-56638","post","type-post","status-publish","format-video","has-post-thumbnail","hentry","category-destacadas","category-videos","post_format-post-format-video"],"acf":[],"_links":{"self":[{"href":"https:\/\/vocesparalelas.com.ar\/sitio\/wp-json\/wp\/v2\/posts\/56638","targetHints":{"allow":["GET"]}}],"collection":[{"href":"https:\/\/vocesparalelas.com.ar\/sitio\/wp-json\/wp\/v2\/posts"}],"about":[{"href":"https:\/\/vocesparalelas.com.ar\/sitio\/wp-json\/wp\/v2\/types\/post"}],"author":[{"embeddable":true,"href":"https:\/\/vocesparalelas.com.ar\/sitio\/wp-json\/wp\/v2\/users\/3"}],"replies":[{"embeddable":true,"href":"https:\/\/vocesparalelas.com.ar\/sitio\/wp-json\/wp\/v2\/comments?post=56638"}],"version-history":[{"count":3,"href":"https:\/\/vocesparalelas.com.ar\/sitio\/wp-json\/wp\/v2\/posts\/56638\/revisions"}],"predecessor-version":[{"id":56648,"href":"https:\/\/vocesparalelas.com.ar\/sitio\/wp-json\/wp\/v2\/posts\/56638\/revisions\/56648"}],"wp:featuredmedia":[{"embeddable":true,"href":"https:\/\/vocesparalelas.com.ar\/sitio\/wp-json\/wp\/v2\/media\/56641"}],"wp:attachment":[{"href":"https:\/\/vocesparalelas.com.ar\/sitio\/wp-json\/wp\/v2\/media?parent=56638"}],"wp:term":[{"taxonomy":"category","embeddable":true,"href":"https:\/\/vocesparalelas.com.ar\/sitio\/wp-json\/wp\/v2\/categories?post=56638"},{"taxonomy":"post_tag","embeddable":true,"href":"https:\/\/vocesparalelas.com.ar\/sitio\/wp-json\/wp\/v2\/tags?post=56638"}],"curies":[{"name":"wp","href":"https:\/\/api.w.org\/{rel}","templated":true}]}}