{"id":56633,"date":"2023-02-15T23:24:36","date_gmt":"2023-02-16T02:24:36","guid":{"rendered":"https:\/\/vocesparalelas.com.ar\/sitio\/?p=56633"},"modified":"2023-02-17T01:29:56","modified_gmt":"2023-02-17T04:29:56","slug":"sarmiento-el-gran-innovador-una-serie-de-10-capitulos","status":"publish","type":"post","link":"https:\/\/vocesparalelas.com.ar\/sitio\/sarmiento-el-gran-innovador-una-serie-de-10-capitulos\/","title":{"rendered":"\u00abSarmiento, el gran innovador\u00bb una serie de 10 Cap\u00edtulos"},"content":{"rendered":"<p>El 15 de Febrero, es el d\u00eda del natalicio de Domingo Faustino Sarmiento, desde la\u00a0Secretar\u00eda de Estado de Ciencia, Tecnolog\u00eda e Innovaci\u00f3n del Gobierno de San Juan, quiere recordar las ideas impulsadas por el maestro de Am\u00e9rica\u00a0que a\u00fan resuenan en el presente. El pr\u00f3cer fue un innovador incansable, poseedor de una valiosa creatividad y coraje para concretar sus ideas de progreso; ejemplo para la sociedad y las dirigencias de todas las latitudes.<\/p>\n<p>Se pone a consideraci\u00f3n de la ciudadan\u00eda esta serie de diez cap\u00edtulos audiovisuales que se funda en contenido educativo sobre\u00a0Sarmiento\u00a0y su obra, y est\u00e1 dirigido a todo p\u00fablico. El objetivo es divulgar las innovaciones que gener\u00f3 nuestro pr\u00f3cer en diversas disciplinas del conocimiento y la producci\u00f3n; cuyas influencias han contribuido al\u00a0San Juan\u00a0del presente. Cada cap\u00edtulo aborda una de las innovaciones propuestas por\u00a0Sarmiento\u00a0en sus ideas, planes de acci\u00f3n para gobernar, tambi\u00e9n en sus viajes, escritos, entre otros y su repercusi\u00f3n en la sociedad actual y vida cotidiana.<\/p>\n<p>Por su parte la Ing. Marita Benavente dijo que \u201cSarmiento el Gran Innovador, es una producci\u00f3n de diez episodios muy entretenidos que relatan las grandes ideas de Sarmiento, que desde la SECITI presentamos en el d\u00eda del natalicio del gran pr\u00f3cer sanjuanino, ponderando la importancia de otorgar acceso al conocimiento a toda la poblaci\u00f3n de nuestra provincia\u201d.<\/p>\n<p>Estos v\u00eddeos ser\u00e1n difundidos por redes sociales como Instagram, Facebook y YouTube de la SECITI; adem\u00e1s de transmitirse por canales de televisi\u00f3n local durante un mes. Se inaugura este ciclo de diez cap\u00edtulos desde hoy, d\u00eda del natalicio de Domingo Faustino Sarmiento.<\/p>\n<p>La Lic. Mariela Limertutti, coordinadora de Innovaci\u00f3n y Creatividad, se\u00f1al\u00f3 que \u00abun cap\u00edtulo ser\u00e1 emitido durante tres d\u00edas por diferentes medios, completando el ciclo audiovisual en el periodo de un mes. Consideramos que este material funciona perfectamente para el sistema educativo, por lo que pueden solicitarlo o descargarlo de manera libre y gratuita para ser utilizado en los establecimientos escolares de San Juan\u201d.<\/p>\n<p>El material cient\u00edfico ha sido coordinado por el \u00e1rea de\u00a0Innovaci\u00f3n y Creatividad de la SECITI, est\u00e1 validado por la historiadora\u00a0Valeria Sacchi\u00a0y contado por la periodista\u00a0Maru Silva. El trabajo audiovisual es desarrollado por la productora\u00a0El Azote Cine, que de la mano del artista y productor audiovisual\u00a0Berny Garay Pringles, involucra las nuevas est\u00e9ticas que brindan las plataformas sociales para acercarlo a los modos actuales de interpretar la informaci\u00f3n.<\/p>\n<p><strong><span style=\"color: #0000ff;\">Cap\u00edtulos\u00a0<\/span><\/strong><\/p>\n<ol>\n<li>Sarmiento y la Educaci\u00f3n.<\/li>\n<li>Sarmiento y la Gesti\u00f3n del Conocimiento.<\/li>\n<li>Sarmiento y la Industria Vitivin\u00edcola.<\/li>\n<li>Sarmiento y la Emancipaci\u00f3n De La Mujer.<\/li>\n<li>Sarmiento y las Comunicaciones.<\/li>\n<li>Sarmiento y los Animales.<\/li>\n<li>Sarmiento y la Industria.<\/li>\n<li>Sarmiento y la Ciencia.<\/li>\n<li>Sarmiento y la Miner\u00eda.<\/li>\n<li>Sarmiento Presidente.<\/li>\n<\/ol>\n<p><span style=\"color: #0000ff;\"><strong>M\u00e1s informaci\u00f3n<\/strong><\/span><\/p>\n<p>Coordinaci\u00f3n de Innovaci\u00f3n y Creatividad, Secretar\u00eda de Estado de Ciencia, Tecnolog\u00eda e Innovaci\u00f3n.<\/p>\n<p>Centro C\u00edvico, 4\u00ba piso, n\u00facleo 5, de 7:30 a 13:30hs.<\/p>\n<p>Tel\u00e9fono: 4305493<\/p>\n<p>Correo electr\u00f3nico:\u00a0<span id=\"cloakfb8c1c21aa1373976522b7930541fab7\"><a href=\"mailto:marielutti@yahoo.com.ar\">marielutti@yahoo.com.ar<\/a><\/span><\/p>\n","protected":false},"excerpt":{"rendered":"<p>El 15 de Febrero, es el d\u00eda del natalicio de Domingo Faustino Sarmiento, desde la\u00a0Secretar\u00eda de Estado de Ciencia, Tecnolog\u00eda<\/p>\n","protected":false},"author":3,"featured_media":56636,"comment_status":"closed","ping_status":"closed","sticky":false,"template":"","format":"standard","meta":{"_acf_changed":false,"_seopress_robots_primary_cat":"none","_seopress_titles_title":"","_seopress_titles_desc":"","_seopress_robots_index":"","colormag_page_container_layout":"default_layout","colormag_page_sidebar_layout":"default_layout","footnotes":""},"categories":[20],"tags":[],"class_list":["post-56633","post","type-post","status-publish","format-standard","has-post-thumbnail","hentry","category-cartelera"],"acf":[],"_links":{"self":[{"href":"https:\/\/vocesparalelas.com.ar\/sitio\/wp-json\/wp\/v2\/posts\/56633","targetHints":{"allow":["GET"]}}],"collection":[{"href":"https:\/\/vocesparalelas.com.ar\/sitio\/wp-json\/wp\/v2\/posts"}],"about":[{"href":"https:\/\/vocesparalelas.com.ar\/sitio\/wp-json\/wp\/v2\/types\/post"}],"author":[{"embeddable":true,"href":"https:\/\/vocesparalelas.com.ar\/sitio\/wp-json\/wp\/v2\/users\/3"}],"replies":[{"embeddable":true,"href":"https:\/\/vocesparalelas.com.ar\/sitio\/wp-json\/wp\/v2\/comments?post=56633"}],"version-history":[{"count":1,"href":"https:\/\/vocesparalelas.com.ar\/sitio\/wp-json\/wp\/v2\/posts\/56633\/revisions"}],"predecessor-version":[{"id":56637,"href":"https:\/\/vocesparalelas.com.ar\/sitio\/wp-json\/wp\/v2\/posts\/56633\/revisions\/56637"}],"wp:featuredmedia":[{"embeddable":true,"href":"https:\/\/vocesparalelas.com.ar\/sitio\/wp-json\/wp\/v2\/media\/56636"}],"wp:attachment":[{"href":"https:\/\/vocesparalelas.com.ar\/sitio\/wp-json\/wp\/v2\/media?parent=56633"}],"wp:term":[{"taxonomy":"category","embeddable":true,"href":"https:\/\/vocesparalelas.com.ar\/sitio\/wp-json\/wp\/v2\/categories?post=56633"},{"taxonomy":"post_tag","embeddable":true,"href":"https:\/\/vocesparalelas.com.ar\/sitio\/wp-json\/wp\/v2\/tags?post=56633"}],"curies":[{"name":"wp","href":"https:\/\/api.w.org\/{rel}","templated":true}]}}