{"id":56626,"date":"2023-02-15T23:13:48","date_gmt":"2023-02-16T02:13:48","guid":{"rendered":"https:\/\/vocesparalelas.com.ar\/sitio\/?p=56626"},"modified":"2023-04-16T20:16:22","modified_gmt":"2023-04-16T23:16:22","slug":"la-dra-alejandra-venerando-candidata-a-intendente-por-rivadavia-san-juan-por-todos-2023","status":"publish","type":"post","link":"https:\/\/vocesparalelas.com.ar\/sitio\/la-dra-alejandra-venerando-candidata-a-intendente-por-rivadavia-san-juan-por-todos-2023\/","title":{"rendered":"La Dra. Alejandra Venerando, Candidata a Intendente por Rivadavia \u00abSan Juan por todos\u00bb 2023"},"content":{"rendered":"<p>El 14 de Mayo se desarrollan las elecciones 2023 en San Juan. Por este motivo, San Juan por Todos va conformando distintas propuestas en los 19 departamentos.<\/p>\n<p>En este juego de presentaci\u00f3n de candidatos, en un desayuno de trabajo con periodistas San Juan, la Dra. Alejandra Venerando, present\u00f3 el gran desaf\u00edo de afrontar el compromiso de ser Candidata a Intendente por el Departamento de Rivadavia.<\/p>\n<p>Es importante destacar que actualmente, se desempe\u00f1a como Ministra de Salud P\u00fablica del Gobierno de San Juan, que lidera el Gobernador, Dr. Sergio U\u00f1ac.<\/p>\n<figure id=\"attachment_56630\" aria-describedby=\"caption-attachment-56630\" style=\"width: 800px\" class=\"wp-caption alignnone\"><img loading=\"lazy\" decoding=\"async\" class=\"size-full wp-image-56630\" src=\"https:\/\/vocesparalelas.com.ar\/sitio\/wp-content\/uploads\/2023\/02\/RIVADAVIA-DRA-ALEJANDRA-VENERANDO-02.jpg\" alt=\"\" width=\"800\" height=\"533\" srcset=\"https:\/\/vocesparalelas.com.ar\/sitio\/wp-content\/uploads\/2023\/02\/RIVADAVIA-DRA-ALEJANDRA-VENERANDO-02.jpg 800w, https:\/\/vocesparalelas.com.ar\/sitio\/wp-content\/uploads\/2023\/02\/RIVADAVIA-DRA-ALEJANDRA-VENERANDO-02-300x200.jpg 300w, https:\/\/vocesparalelas.com.ar\/sitio\/wp-content\/uploads\/2023\/02\/RIVADAVIA-DRA-ALEJANDRA-VENERANDO-02-768x512.jpg 768w\" sizes=\"auto, (max-width: 800px) 100vw, 800px\" \/><figcaption id=\"caption-attachment-56630\" class=\"wp-caption-text\">Dra. Alejandra Venerando, asume el compromiso de ser Candidata a Intendente por el Departamento de Rivadavia, en el espacio \u00abSan Juan por todos\u00bb 2023<\/figcaption><\/figure>\n<p>En este contexto, la Dra. Alejandra Venerando destac\u00f3 que quiere afrontar este nuevo rol en San Juan en las Elecciones 2023 para lograr la Intendencia de Rivadavia con el fin de trabajar por los vecinos del departamento.<\/p>\n<p><iframe loading=\"lazy\" title=\"DR. ALEJANDRA VENERANDO CANDIDATA RIVADAVIA 2023\" width=\"800\" height=\"450\" src=\"https:\/\/www.youtube.com\/embed\/1cC9vFUZj64?feature=oembed\" frameborder=\"0\" allow=\"accelerometer; autoplay; clipboard-write; encrypted-media; gyroscope; picture-in-picture; web-share\" allowfullscreen><\/iframe><\/p>\n<p>Voces Paralelas pregunt\u00f3 que le falta a Rivadavia porque durante las distintas gestiones se lograron grandes avances que m\u00e1s gente llegue a vivir al Departamento.<\/p>\n<p><iframe loading=\"lazy\" title=\"DRA. ALEJANDRA VENERANDO CANDIDATA RIVADAVIA 2023\" width=\"800\" height=\"450\" src=\"https:\/\/www.youtube.com\/embed\/Yoi2XkcKvHQ?feature=oembed\" frameborder=\"0\" allow=\"accelerometer; autoplay; clipboard-write; encrypted-media; gyroscope; picture-in-picture; web-share\" allowfullscreen><\/iframe><\/p>\n","protected":false},"excerpt":{"rendered":"<p>El 14 de Mayo se desarrollan las elecciones 2023 en San Juan. Por este motivo, San Juan por Todos va<\/p>\n","protected":false},"author":3,"featured_media":56629,"comment_status":"closed","ping_status":"closed","sticky":false,"template":"","format":"standard","meta":{"_acf_changed":false,"_seopress_robots_primary_cat":"none","_seopress_titles_title":"","_seopress_titles_desc":"","_seopress_robots_index":"","colormag_page_container_layout":"default_layout","colormag_page_sidebar_layout":"default_layout","footnotes":""},"categories":[10,7],"tags":[],"class_list":["post-56626","post","type-post","status-publish","format-standard","has-post-thumbnail","hentry","category-opiniones","category-videos"],"acf":[],"_links":{"self":[{"href":"https:\/\/vocesparalelas.com.ar\/sitio\/wp-json\/wp\/v2\/posts\/56626","targetHints":{"allow":["GET"]}}],"collection":[{"href":"https:\/\/vocesparalelas.com.ar\/sitio\/wp-json\/wp\/v2\/posts"}],"about":[{"href":"https:\/\/vocesparalelas.com.ar\/sitio\/wp-json\/wp\/v2\/types\/post"}],"author":[{"embeddable":true,"href":"https:\/\/vocesparalelas.com.ar\/sitio\/wp-json\/wp\/v2\/users\/3"}],"replies":[{"embeddable":true,"href":"https:\/\/vocesparalelas.com.ar\/sitio\/wp-json\/wp\/v2\/comments?post=56626"}],"version-history":[{"count":2,"href":"https:\/\/vocesparalelas.com.ar\/sitio\/wp-json\/wp\/v2\/posts\/56626\/revisions"}],"predecessor-version":[{"id":56632,"href":"https:\/\/vocesparalelas.com.ar\/sitio\/wp-json\/wp\/v2\/posts\/56626\/revisions\/56632"}],"wp:featuredmedia":[{"embeddable":true,"href":"https:\/\/vocesparalelas.com.ar\/sitio\/wp-json\/wp\/v2\/media\/56629"}],"wp:attachment":[{"href":"https:\/\/vocesparalelas.com.ar\/sitio\/wp-json\/wp\/v2\/media?parent=56626"}],"wp:term":[{"taxonomy":"category","embeddable":true,"href":"https:\/\/vocesparalelas.com.ar\/sitio\/wp-json\/wp\/v2\/categories?post=56626"},{"taxonomy":"post_tag","embeddable":true,"href":"https:\/\/vocesparalelas.com.ar\/sitio\/wp-json\/wp\/v2\/tags?post=56626"}],"curies":[{"name":"wp","href":"https:\/\/api.w.org\/{rel}","templated":true}]}}