{"id":56622,"date":"2023-02-14T22:51:01","date_gmt":"2023-02-15T01:51:01","guid":{"rendered":"https:\/\/vocesparalelas.com.ar\/sitio\/?p=56622"},"modified":"2023-02-17T01:30:56","modified_gmt":"2023-02-17T04:30:56","slug":"requisitos-para-los-hijos-menores-de-21-anos-de-los-afiliados-de-la-osp-de-san-juan","status":"publish","type":"post","link":"https:\/\/vocesparalelas.com.ar\/sitio\/requisitos-para-los-hijos-menores-de-21-anos-de-los-afiliados-de-la-osp-de-san-juan\/","title":{"rendered":"Requisitos para los hijos menores de 21 a\u00f1os de los afiliados de la OSP de San Juan"},"content":{"rendered":"<p>La\u00a0Obra Social Provincia del Ministerio de Salud P\u00fablica del Gobierno de San Juan recuerda a sus afiliados directos, que tienen en su grupo familiar hijos menores de 21 a\u00f1os, que deben realizar el tr\u00e1mite de afiliaci\u00f3n para contar con la cobertura correspondiente.<\/p>\n<p><span style=\"color: #ff0000;\"><strong>Requisitos\u00a0<\/strong><\/span><\/p>\n<ol>\n<li>Ficha de Afiliaci\u00f3n del titular con todo el grupo familiar a su cargo, inclusive la persona a incorporar, certificada por el Jefe de Personal de la repartici\u00f3n donde presta servicio el titular.<\/li>\n<li>Partida de Nacimiento legalizada y actualizada de cada uno de los menores a incorporar.<\/li>\n<li>Fotocopia del Documento de Identidad de cada uno de los hijos menores.<\/li>\n<li>Fotocopia del \u00faltimo recibo de sueldo y carnet del titular.<\/li>\n<\/ol>\n<p><span style=\"color: #ff0000;\"><strong>En el link puede descargar los formularios que debe presentar<\/strong><\/span><\/p>\n<p><a href=\"http:\/\/www.obrasocial.sanjuan.gob.ar\/dos\/Afiliaciones\/Requisitos-de-Afiliacion\">http:\/\/www.obrasocial.sanjuan.gob.ar\/dos\/Afiliaciones\/Requisitos-de-Afiliacion<\/a><\/p>\n<p>Una vez reunida la documentaci\u00f3n, el tr\u00e1mite puede realizarse de\u00a0manera presencial en el \u00e1rea de Afiliaciones de OSP, del primer piso de sede central, en horario de 7.30 a 13 hs., de Lunes a Viernes, o v\u00eda on line envi\u00e1ndola al siguiente correo electr\u00f3nico: <span id=\"cloak30e29b5ec8e88a95a9217447cd1499e4\"><a href=\"mailto:afiliaciones.osp@gmail.com\">afiliaciones.osp@gmail.com<\/a><\/span>\u00a0.<\/p>\n","protected":false},"excerpt":{"rendered":"<p>La\u00a0Obra Social Provincia del Ministerio de Salud P\u00fablica del Gobierno de San Juan recuerda a sus afiliados directos, que tienen<\/p>\n","protected":false},"author":3,"featured_media":10321,"comment_status":"closed","ping_status":"closed","sticky":false,"template":"","format":"standard","meta":{"_acf_changed":false,"_seopress_robots_primary_cat":"none","_seopress_titles_title":"","_seopress_titles_desc":"","_seopress_robots_index":"","colormag_page_container_layout":"default_layout","colormag_page_sidebar_layout":"default_layout","footnotes":""},"categories":[10],"tags":[],"class_list":["post-56622","post","type-post","status-publish","format-standard","has-post-thumbnail","hentry","category-opiniones"],"acf":[],"_links":{"self":[{"href":"https:\/\/vocesparalelas.com.ar\/sitio\/wp-json\/wp\/v2\/posts\/56622","targetHints":{"allow":["GET"]}}],"collection":[{"href":"https:\/\/vocesparalelas.com.ar\/sitio\/wp-json\/wp\/v2\/posts"}],"about":[{"href":"https:\/\/vocesparalelas.com.ar\/sitio\/wp-json\/wp\/v2\/types\/post"}],"author":[{"embeddable":true,"href":"https:\/\/vocesparalelas.com.ar\/sitio\/wp-json\/wp\/v2\/users\/3"}],"replies":[{"embeddable":true,"href":"https:\/\/vocesparalelas.com.ar\/sitio\/wp-json\/wp\/v2\/comments?post=56622"}],"version-history":[{"count":1,"href":"https:\/\/vocesparalelas.com.ar\/sitio\/wp-json\/wp\/v2\/posts\/56622\/revisions"}],"predecessor-version":[{"id":56625,"href":"https:\/\/vocesparalelas.com.ar\/sitio\/wp-json\/wp\/v2\/posts\/56622\/revisions\/56625"}],"wp:featuredmedia":[{"embeddable":true,"href":"https:\/\/vocesparalelas.com.ar\/sitio\/wp-json\/wp\/v2\/media\/10321"}],"wp:attachment":[{"href":"https:\/\/vocesparalelas.com.ar\/sitio\/wp-json\/wp\/v2\/media?parent=56622"}],"wp:term":[{"taxonomy":"category","embeddable":true,"href":"https:\/\/vocesparalelas.com.ar\/sitio\/wp-json\/wp\/v2\/categories?post=56622"},{"taxonomy":"post_tag","embeddable":true,"href":"https:\/\/vocesparalelas.com.ar\/sitio\/wp-json\/wp\/v2\/tags?post=56622"}],"curies":[{"name":"wp","href":"https:\/\/api.w.org\/{rel}","templated":true}]}}